{"id":70301,"date":"2021-07-06T09:17:00","date_gmt":"2021-07-06T07:17:00","guid":{"rendered":"https:\/\/sagnlandet.dk\/vikingemarked-i-sagnlandet-lejre\/"},"modified":"2025-02-24T07:23:19","modified_gmt":"2025-02-24T06:23:19","slug":"marche-viking-a-sagnlandet-lejre","status":"publish","type":"post","link":"https:\/\/sagnlandet.dk\/fr\/blog\/2021\/07\/06\/marche-viking-a-sagnlandet-lejre\/","title":{"rendered":"March\u00e9 viking \u00e0 Sagnlandet Lejre"},"content":{"rendered":"\n<div class=\"wp-block-cover is-light\"><span aria-hidden=\"true\" class=\"wp-block-cover__background has-background-dim\" style=\"background-color:#9b9997\"><\/span><img decoding=\"async\" class=\"wp-block-cover__image-background wp-image-1860\" alt=\"\" src=\"https:\/\/sagnlandet.dk\/wp-content\/uploads\/2025\/02\/vikingetraef-13-juli-2017-35-scaled-1.jpg\" data-object-fit=\"cover\"\/><div class=\"wp-block-cover__inner-container is-layout-constrained wp-block-cover-is-layout-constrained\">\n<h1 class=\"wp-block-heading has-text-align-center has-color-bg-color has-text-color has-link-color has-large-font-size wp-elements-f97736a69ac73619f87c3f36463fe3dc\">March\u00e9 viking \u00e0 Lejre, terre de l\u00e9gendes<\/h1>\n<\/div><\/div>\n\n\n\n<hr class=\"wp-block-separator has-alpha-channel-opacity\"\/>\n\n\n<div class=\"wp-block-post-date\"><time datetime=\"2021-07-06T09:17:00+02:00\">6. juillet 2021<\/time><\/div>\n\n\n<hr class=\"wp-block-separator has-alpha-channel-opacity\"\/>\n\n\n\n<h4 class=\"wp-block-heading\">Le march\u00e9 viking de Sagnlandet Lejre se d\u00e9roule du lundi 12 juillet au vendredi 16 juillet 2021.<\/h4>\n\n\n\r\n\r\n<section class=\"standout-section standout-block standout-basic alignwide\">\r\n\r\n\t<div class=\"standout-max-container\">\t\r\n\r\n<div class=\"standout-block-inner\">\r\n\t\r\n\t\t\t\t\t\t<div class=\"acf-innerblocks-container\">\n\r\n\r\n<section class=\"standout-section standout-block standout-columns alignwide column-gap-s\" style=\"--columns: 2; --column-span: 1; --element-alignment: flex-start;\" data-columns=\"2\">\r\n\r\n\t<div class=\"standout-max-container\">\t\r\n\r\n<div class=\"standout-block-inner\">\r\n\t\t\t<div class=\"acf-innerblocks-container\">\n\r\n\r\n<section class=\"standout-block standout-column-element rounded-bg wp-elements-d71c47e3c8016b22c4476d3ac691f570 has-bg has-bg-color has-text-color\" style=\"background-color: var(--wp--preset--color--color-2); color: #ffffff;\">\r\n\r\n\t<div class=\"standout-max-container\">\t\r\n\r\n<div class=\"standout-block-inner\">\r\n\t\t\r\n\t\t\t<div class=\"acf-innerblocks-container\">\n\n<h3 class=\"wp-block-heading has-h-4-font-size\">Un march\u00e9 viking qui a quelque chose de sp\u00e9cial<\/h3>\n\n\n\n<p>Les tentes sont visibles de loin. L&#8217;air porte l&#8217;odeur des feux de joie. Les rayons du soleil vous r\u00e9chauffent la nuque. Ravnebjerg s&#8217;est transform\u00e9 en march\u00e9 et vous avez enfin atteint les \u00e9tals. Vous vous trouvez \u00e0 l&#8217;ombre de l&#8217;\u00e9norme salle du roi, perch\u00e9e en haut de la colline de Lejre, le pays des l\u00e9gendes. C&#8217;est \u00e0 ne pas manquer &#8211; vous \u00eates exactement l\u00e0 o\u00f9 vous devez \u00eatre.<\/p>\n\n\n\n<p style=\"font-size:14px\">En vous dirigeant vers Ravnebjerg, vous rencontrerez d&#8217;autres tentes, remplies d&#8217;\u00e9tals et de visages souriants : des voyageurs sont venus de pr\u00e8s et de loin pour montrer leurs marchandises et leurs connaissances. Il y en a pour tous les go\u00fbts : des petits bijoux excentriques, de grandes histoires et de l&#8217;artisanat qui impressionne.<\/p>\n\n<\/div>\r\n\t<\/div>\r\n\r\n\r\n\r\n\t\t<\/div>\r\n<\/section>\n\n\r\n\r\n<section class=\"standout-block standout-column-element rounded-bg\">\r\n\r\n\t<div class=\"standout-max-container\">\t\r\n\r\n<div class=\"standout-block-inner\">\r\n\t\t\r\n\t\t\t<div class=\"acf-innerblocks-container\">\n\r\n\r\n<section class=\"standout-section standout-block standout-basic alignwide align-content-bottom has-bg has-bg-img\">\r\n\r\n\t<div class=\"standout-max-container\">\t\r\n\r\n<div class=\"standout-block-inner\">\r\n\t\r\n\t\t\t\t\t\t<div class=\"acf-innerblocks-container\">\n\n<h6 class=\"wp-block-heading has-color-bg-color has-text-color has-link-color wp-elements-a30720d40ad57258e83d5b10a55b6f40\">D\u00e9couvrez la place du march\u00e9 devant Ravnebjerg<\/h6>\n\n<\/div>\r\n\t\t\t\r\n\t<\/div>\r\n\r\n\r\n\r\n\t\t<\/div>\r\n<\/section>\n<\/div>\r\n\t<\/div>\r\n\r\n\r\n\r\n\t\t<\/div>\r\n<\/section>\n<\/div>\r\n\t<\/div>\r\n\r\n\r\n\r\n\t\t<\/div>\r\n<\/section>\n<\/div>\r\n\t\t\t\r\n\t<\/div>\r\n\r\n\r\n\r\n\t\t<\/div>\r\n<\/section>\n\n\r\n\r\n<section class=\"standout-section standout-block standout-basic alignwide\">\r\n\r\n\t<div class=\"standout-max-container\">\t\r\n\r\n<div class=\"standout-block-inner\">\r\n\t\r\n\t\t\t\t\t\t<div class=\"acf-innerblocks-container\">\n\r\n\r\n<section class=\"standout-section standout-block standout-columns alignwide column-gap-s\" style=\"--columns: 2; --column-span: 1; --element-alignment: flex-start;\" data-columns=\"2\">\r\n\r\n\t<div class=\"standout-max-container\">\t\r\n\r\n<div class=\"standout-block-inner\">\r\n\t\t\t<div class=\"acf-innerblocks-container\">\n\r\n\r\n<section class=\"standout-block standout-column-element rounded-bg wp-elements-9323efd195815e8a910e09848fc1d7d9 has-bg has-bg-color has-text-color\" style=\"background-color: var(--wp--preset--color--color-2); color: #ffffff;\">\r\n\r\n\t<div class=\"standout-max-container\">\t\r\n\r\n<div class=\"standout-block-inner\">\r\n\t\t\r\n\t\t\t<div class=\"acf-innerblocks-container\">\n\n<h3 class=\"wp-block-heading has-h-4-font-size\">Le Tribunal : l\u00e0 o\u00f9 la justice et la loi sont respect\u00e9es<\/h3>\n\n\n\n<p>Du lundi 12 au vendredi 16 juillet, le Ting se tiendra \u00e0 Ravnebjerg \u00e0 12h00. Tinget, du vieux norrois &#8220;\u00feing&#8221;, est l&#8217;assembl\u00e9e du peuple o\u00f9 les Vikings faisaient r\u00e9gner la loi et l&#8217;ordre.<\/p>\n\n\n\n<p style=\"font-size:14px\">Lors de votre visite \u00e0 Ravnebjerg, vous pourrez voir comment les Vikings r\u00e9glaient les diff\u00e9rends et les tensions entre les habitants du village. \u00c0 l&#8217;\u00e9poque des Vikings, le Ting \u00e9tait un cadre important pour le maintien de la loi et de la paix &#8211; et le mot &#8220;Ting&#8221; appara\u00eet encore dans le parlement et le conseil du comt\u00e9. C&#8217;\u00e9tait une fa\u00e7on d&#8217;instaurer un r\u00e9gime populaire afin que les diff\u00e9rents litiges soient r\u00e9gl\u00e9s dans un environnement neutre. Cela permettait d&#8217;\u00e9viter la violence et le sang &#8211; la plupart du temps !<\/p>\n\n<\/div>\r\n\t<\/div>\r\n\r\n\r\n\r\n\t\t<\/div>\r\n<\/section>\n\n\r\n\r\n<section class=\"standout-block standout-column-element rounded-bg\">\r\n\r\n\t<div class=\"standout-max-container\">\t\r\n\r\n<div class=\"standout-block-inner\">\r\n\t\t\r\n\t\t\t<div class=\"acf-innerblocks-container\">\n\r\n\r\n<section class=\"standout-section standout-block standout-basic alignwide align-content-bottom has-bg has-bg-img\">\r\n\r\n\t<div class=\"standout-max-container\">\t\r\n\r\n<div class=\"standout-block-inner\">\r\n\t\r\n\t\t\t\t\t\t<div class=\"acf-innerblocks-container\">\n\n<h6 class=\"wp-block-heading has-color-bg-color has-text-color has-link-color wp-elements-c2b626d8df0458d822e289d5eb7a8212\">D\u00e9couvrez Tinget, le tribunal de Ravnebjerg<\/h6>\n\n<\/div>\r\n\t\t\t\r\n\t<\/div>\r\n\r\n\r\n\r\n\t\t<\/div>\r\n<\/section>\n<\/div>\r\n\t<\/div>\r\n\r\n\r\n\r\n\t\t<\/div>\r\n<\/section>\n<\/div>\r\n\t<\/div>\r\n\r\n\r\n\r\n\t\t<\/div>\r\n<\/section>\n<\/div>\r\n\t\t\t\r\n\t<\/div>\r\n\r\n\r\n\r\n\t\t<\/div>\r\n<\/section>\n\n\n<p><\/p>\n\n\n\n<div class=\"wp-block-group is-layout-constrained wp-block-group-is-layout-constrained\">\n<hr class=\"wp-block-separator has-alpha-channel-opacity\"\/>\n\n\n\n<p>Pour en savoir plus, consultez les archives sur le contenu et les actualit\u00e9s : <\/p>\n\n\n\n<div class=\"wp-block-columns is-layout-flex wp-container-core-columns-is-layout-2 wp-block-columns-is-layout-flex\">\n<div class=\"wp-block-column is-layout-flow wp-block-column-is-layout-flow\"><div class=\"taxonomy-post_tag wp-block-post-terms\"><span class=\"wp-block-post-terms__prefix\">Tags: <\/span><a href=\"https:\/\/sagnlandet.dk\/fr\/blog\/tag\/lage-des-vikings\/\" rel=\"tag\">L&#8217;\u00e2ge des Vikings<\/a><\/div>\n\n\n<hr class=\"wp-block-separator has-alpha-channel-opacity\"\/>\n\n\n<div class=\"taxonomy-category wp-block-post-terms\"><span class=\"wp-block-post-terms__prefix\">Kategorier: <\/span><a href=\"https:\/\/sagnlandet.dk\/fr\/blog\/category\/nouvelles-et-evenements\/\" rel=\"tag\">Nouvelles et \u00e9v\u00e9nements<\/a><span class=\"wp-block-post-terms__separator\">, <\/span><a href=\"https:\/\/sagnlandet.dk\/fr\/blog\/category\/viking\/\" rel=\"tag\">Viking<\/a><\/div><\/div>\n\n\n\n<div class=\"wp-block-column is-layout-flow wp-block-column-is-layout-flow\"><div class=\"wp-block-archives-dropdown wp-block-archives\"><label for=\"wp-block-archives-1\" class=\"wp-block-archives__label\">Archives<\/label>\n\t\t<select id=\"wp-block-archives-1\" name=\"archive-dropdown\" onchange=\"document.location.href=this.options[this.selectedIndex].value;\">\n\t\t<option value=\"\">S\u00e9lectionner un mois<\/option>\t<option value='https:\/\/sagnlandet.dk\/fr\/blog\/2025\/06\/'> juin 2025 &nbsp;(1)<\/option>\n\t<option value='https:\/\/sagnlandet.dk\/fr\/blog\/2023\/12\/'> d\u00e9cembre 2023 &nbsp;(1)<\/option>\n\t<option value='https:\/\/sagnlandet.dk\/fr\/blog\/2022\/11\/'> novembre 2022 &nbsp;(1)<\/option>\n\t<option value='https:\/\/sagnlandet.dk\/fr\/blog\/2022\/10\/'> octobre 2022 &nbsp;(1)<\/option>\n\t<option value='https:\/\/sagnlandet.dk\/fr\/blog\/2021\/09\/'> septembre 2021 &nbsp;(1)<\/option>\n\t<option value='https:\/\/sagnlandet.dk\/fr\/blog\/2021\/07\/'> juillet 2021 &nbsp;(1)<\/option>\n\t<option value='https:\/\/sagnlandet.dk\/fr\/blog\/2020\/09\/'> septembre 2020 &nbsp;(1)<\/option>\n\t<option value='https:\/\/sagnlandet.dk\/fr\/blog\/2020\/08\/'> ao\u00fbt 2020 &nbsp;(2)<\/option>\n\t<option value='https:\/\/sagnlandet.dk\/fr\/blog\/2020\/06\/'> juin 2020 &nbsp;(2)<\/option>\n\t<option value='https:\/\/sagnlandet.dk\/fr\/blog\/2020\/01\/'> janvier 2020 &nbsp;(1)<\/option>\n\t<option value='https:\/\/sagnlandet.dk\/fr\/blog\/2019\/10\/'> octobre 2019 &nbsp;(1)<\/option>\n\t<option value='https:\/\/sagnlandet.dk\/fr\/blog\/2017\/05\/'> mai 2017 &nbsp;(1)<\/option>\n\t<option value='https:\/\/sagnlandet.dk\/fr\/blog\/2016\/10\/'> octobre 2016 &nbsp;(1)<\/option>\n<\/select><\/div>\n\n\n<div class=\"wp-block-group is-layout-constrained wp-block-group-is-layout-constrained\">\n<div class=\"wp-block-columns is-layout-flex wp-container-core-columns-is-layout-1 wp-block-columns-is-layout-flex\">\n<div class=\"wp-block-column is-layout-flow wp-block-column-is-layout-flow\" style=\"flex-basis:100%\">\n<div class=\"wp-block-group is-layout-constrained wp-block-group-is-layout-constrained\"><ul class=\"wp-block-latest-posts__list is-grid columns-2 has-dates wp-block-latest-posts\"><li><div class=\"wp-block-latest-posts__featured-image alignleft\"><a href=\"https:\/\/sagnlandet.dk\/fr\/blog\/2025\/06\/12\/lejre-land-of-legends-inaugure-the-wild-road-le-25-juin\/\" aria-label=\"Lejre Land of Legends inaugure The Wild Road le 25 juin\"><img loading=\"lazy\" decoding=\"async\" width=\"300\" height=\"300\" src=\"https:\/\/sagnlandet.dk\/fr\/wp-content\/uploads\/sites\/12\/2025\/07\/Den-Vilde-Vej-under-opfoerelse_Den-storslaaede-gangsti-snor-sig-fra-jorden-op-mellem-traekronerne-og-330-meter-gennem-det-smukke-istidslandskab-i-Sagnlandet-Lejre-3-scaled-1-300x300.jpg\" class=\"attachment-thumbnail size-thumbnail wp-post-image\" alt=\"\" style=\"max-width:50px;max-height:50px;\" srcset=\"https:\/\/sagnlandet.dk\/fr\/wp-content\/uploads\/sites\/12\/2025\/07\/Den-Vilde-Vej-under-opfoerelse_Den-storslaaede-gangsti-snor-sig-fra-jorden-op-mellem-traekronerne-og-330-meter-gennem-det-smukke-istidslandskab-i-Sagnlandet-Lejre-3-scaled-1-300x300.jpg 300w, https:\/\/sagnlandet.dk\/fr\/wp-content\/uploads\/sites\/12\/2025\/07\/Den-Vilde-Vej-under-opfoerelse_Den-storslaaede-gangsti-snor-sig-fra-jorden-op-mellem-traekronerne-og-330-meter-gennem-det-smukke-istidslandskab-i-Sagnlandet-Lejre-3-scaled-1-100x100.jpg 100w\" sizes=\"(max-width: 300px) 100vw, 300px\" \/><\/a><\/div><a class=\"wp-block-latest-posts__post-title\" href=\"https:\/\/sagnlandet.dk\/fr\/blog\/2025\/06\/12\/lejre-land-of-legends-inaugure-the-wild-road-le-25-juin\/\">Lejre Land of Legends inaugure The Wild Road le 25 juin<\/a><time datetime=\"2025-06-12T16:16:04+02:00\" class=\"wp-block-latest-posts__post-date\">12. juin 2025<\/time><div class=\"wp-block-latest-posts__post-excerpt\">Le mercredi 25 juin, le Lejre Land of Legends inaugurera la nouvelle initiative de l&#8217;attraction, The Wild Road, et invitera les enfants et les adultes de tous \u00e2ges \u00e0 vivre\u2026 <a class=\"wp-block-latest-posts__read-more\" href=\"https:\/\/sagnlandet.dk\/fr\/blog\/2025\/06\/12\/lejre-land-of-legends-inaugure-the-wild-road-le-25-juin\/\" rel=\"noopener noreferrer\">Lire la suite<span class=\"screen-reader-text\">\u00a0: Lejre Land of Legends inaugure The Wild Road le 25 juin<\/span><\/a><\/div><\/li>\n<li><div class=\"wp-block-latest-posts__featured-image alignleft\"><a href=\"https:\/\/sagnlandet.dk\/fr\/blog\/2023\/12\/15\/lavenir-de-lexperimentation-de-lexperience-aux-nouvelles-connaissances-archeologiques\/\" aria-label=\"L&#8217;avenir de l&#8217;exp\u00e9rimentation : De l&#8217;exp\u00e9rience aux nouvelles connaissances arch\u00e9ologiques\"><img loading=\"lazy\" decoding=\"async\" width=\"300\" height=\"300\" src=\"https:\/\/sagnlandet.dk\/fr\/wp-content\/uploads\/sites\/12\/2025\/02\/kongehal-med-personer-lille-1920x593-1-1-1-1-300x300.png\" class=\"attachment-thumbnail size-thumbnail wp-post-image\" alt=\"\" style=\"max-width:50px;max-height:50px;\" srcset=\"https:\/\/sagnlandet.dk\/fr\/wp-content\/uploads\/sites\/12\/2025\/02\/kongehal-med-personer-lille-1920x593-1-1-1-1-300x300.png 300w, https:\/\/sagnlandet.dk\/fr\/wp-content\/uploads\/sites\/12\/2025\/02\/kongehal-med-personer-lille-1920x593-1-1-1-1-100x100.png 100w\" sizes=\"(max-width: 300px) 100vw, 300px\" \/><\/a><\/div><a class=\"wp-block-latest-posts__post-title\" href=\"https:\/\/sagnlandet.dk\/fr\/blog\/2023\/12\/15\/lavenir-de-lexperimentation-de-lexperience-aux-nouvelles-connaissances-archeologiques\/\">L&#8217;avenir de l&#8217;exp\u00e9rimentation : De l&#8217;exp\u00e9rience aux nouvelles connaissances arch\u00e9ologiques<\/a><time datetime=\"2023-12-15T09:39:00+01:00\" class=\"wp-block-latest-posts__post-date\">15. d\u00e9cembre 2023<\/time><div class=\"wp-block-latest-posts__post-excerpt\">Lejre Land of Legends vous invite \u00e0 un s\u00e9minaire de recherche intitul\u00e9 &#8220;L&#8217;avenir de l&#8217;exp\u00e9rimentation&#8221;.<\/div><\/li>\n<\/ul><\/div>\n<\/div>\n<\/div>\n<\/div>\n<\/div>\n<\/div>\n<\/div>\n","protected":false},"excerpt":{"rendered":"<p>Le march\u00e9 viking de Sagnlandet Lejre se d\u00e9roule du lundi 12 juillet au vendredi 16 juillet 2021. Pour en savoir plus, consultez les archives sur le contenu et les actualit\u00e9s :<\/p>\n","protected":false},"author":1569,"featured_media":71036,"comment_status":"open","ping_status":"open","sticky":false,"template":"","format":"standard","meta":{"_acf_changed":false,"footnotes":""},"categories":[648,641],"tags":[661],"class_list":["post-70301","post","type-post","status-publish","format-standard","has-post-thumbnail","hentry","category-nouvelles-et-evenements","category-viking","tag-lage-des-vikings"],"acf":[],"yoast_head":"<!-- This site is optimized with the Yoast SEO plugin v23.5 - https:\/\/yoast.com\/wordpress\/plugins\/seo\/ -->\n<title>March\u00e9 viking \u00e0 Sagnlandet Lejre - Sagnlandet Lejre<\/title>\n<meta name=\"robots\" content=\"index, follow, max-snippet:-1, max-image-preview:large, max-video-preview:-1\" \/>\n<link rel=\"canonical\" href=\"https:\/\/sagnlandet.dk\/fr\/blog\/2021\/07\/06\/marche-viking-a-sagnlandet-lejre\/\" \/>\n<meta property=\"og:locale\" content=\"fr_FR\" \/>\n<meta property=\"og:type\" content=\"article\" \/>\n<meta property=\"og:title\" content=\"March\u00e9 viking \u00e0 Sagnlandet Lejre - Sagnlandet Lejre\" \/>\n<meta property=\"og:description\" content=\"Le march\u00e9 viking de Sagnlandet Lejre se d\u00e9roule du lundi 12 juillet au vendredi 16 juillet 2021. Pour en savoir plus, consultez les archives sur le contenu et les actualit\u00e9s :\" \/>\n<meta property=\"og:url\" content=\"https:\/\/sagnlandet.dk\/fr\/blog\/2021\/07\/06\/marche-viking-a-sagnlandet-lejre\/\" \/>\n<meta property=\"og:site_name\" content=\"Sagnlandet Lejre\" \/>\n<meta property=\"article:published_time\" content=\"2021-07-06T07:17:00+00:00\" \/>\n<meta property=\"article:modified_time\" content=\"2025-02-24T06:23:19+00:00\" \/>\n<meta property=\"og:image\" content=\"https:\/\/sagnlandet.dk\/fr\/wp-content\/uploads\/sites\/12\/2025\/02\/vikingetraef-13-juli-2017-35-scaled-1-1-1.jpg\" \/>\n\t<meta property=\"og:image:width\" content=\"2560\" \/>\n\t<meta property=\"og:image:height\" content=\"1605\" \/>\n\t<meta property=\"og:image:type\" content=\"image\/jpeg\" \/>\n<meta name=\"author\" content=\"Christine Roederer\" \/>\n<meta name=\"twitter:card\" content=\"summary_large_image\" \/>\n<meta name=\"twitter:label1\" content=\"\u00c9crit par\" \/>\n\t<meta name=\"twitter:data1\" content=\"Christine Roederer\" \/>\n\t<meta name=\"twitter:label2\" content=\"Dur\u00e9e de lecture estim\u00e9e\" \/>\n\t<meta name=\"twitter:data2\" content=\"2 minutes\" \/>\n<!-- \/ Yoast SEO plugin. -->","yoast_head_json":{"title":"March\u00e9 viking \u00e0 Sagnlandet Lejre - Sagnlandet Lejre","robots":{"index":"index","follow":"follow","max-snippet":"max-snippet:-1","max-image-preview":"max-image-preview:large","max-video-preview":"max-video-preview:-1"},"canonical":"https:\/\/sagnlandet.dk\/fr\/blog\/2021\/07\/06\/marche-viking-a-sagnlandet-lejre\/","og_locale":"fr_FR","og_type":"article","og_title":"March\u00e9 viking \u00e0 Sagnlandet Lejre - Sagnlandet Lejre","og_description":"Le march\u00e9 viking de Sagnlandet Lejre se d\u00e9roule du lundi 12 juillet au vendredi 16 juillet 2021. Pour en savoir plus, consultez les archives sur le contenu et les actualit\u00e9s :","og_url":"https:\/\/sagnlandet.dk\/fr\/blog\/2021\/07\/06\/marche-viking-a-sagnlandet-lejre\/","og_site_name":"Sagnlandet Lejre","article_published_time":"2021-07-06T07:17:00+00:00","article_modified_time":"2025-02-24T06:23:19+00:00","og_image":[{"width":2560,"height":1605,"url":"https:\/\/sagnlandet.dk\/fr\/wp-content\/uploads\/sites\/12\/2025\/02\/vikingetraef-13-juli-2017-35-scaled-1-1-1.jpg","type":"image\/jpeg"}],"author":"Christine Roederer","twitter_card":"summary_large_image","twitter_misc":{"\u00c9crit par":"Christine Roederer","Dur\u00e9e de lecture estim\u00e9e":"2 minutes"},"schema":{"@context":"https:\/\/schema.org","@graph":[{"@type":"Article","@id":"https:\/\/sagnlandet.dk\/fr\/blog\/2021\/07\/06\/marche-viking-a-sagnlandet-lejre\/#article","isPartOf":{"@id":"https:\/\/sagnlandet.dk\/fr\/blog\/2021\/07\/06\/marche-viking-a-sagnlandet-lejre\/"},"author":{"name":"Christine Roederer","@id":"https:\/\/sagnlandet.dk\/fr\/#\/schema\/person\/5b56a163bff00be5a1c49ffbddc5f68e"},"headline":"March\u00e9 viking \u00e0 Sagnlandet Lejre","datePublished":"2021-07-06T07:17:00+00:00","dateModified":"2025-02-24T06:23:19+00:00","mainEntityOfPage":{"@id":"https:\/\/sagnlandet.dk\/fr\/blog\/2021\/07\/06\/marche-viking-a-sagnlandet-lejre\/"},"wordCount":331,"commentCount":0,"publisher":{"@id":"https:\/\/sagnlandet.dk\/fr\/#organization"},"image":{"@id":"https:\/\/sagnlandet.dk\/fr\/blog\/2021\/07\/06\/marche-viking-a-sagnlandet-lejre\/#primaryimage"},"thumbnailUrl":"https:\/\/sagnlandet.dk\/fr\/wp-content\/uploads\/sites\/12\/2025\/02\/vikingetraef-13-juli-2017-35-scaled-1-1-1-1.jpg","keywords":["L'\u00e2ge des Vikings"],"articleSection":["Nouvelles et \u00e9v\u00e9nements","Viking"],"inLanguage":"fr-FR","potentialAction":[{"@type":"CommentAction","name":"Comment","target":["https:\/\/sagnlandet.dk\/fr\/blog\/2021\/07\/06\/marche-viking-a-sagnlandet-lejre\/#respond"]}]},{"@type":"WebPage","@id":"https:\/\/sagnlandet.dk\/fr\/blog\/2021\/07\/06\/marche-viking-a-sagnlandet-lejre\/","url":"https:\/\/sagnlandet.dk\/fr\/blog\/2021\/07\/06\/marche-viking-a-sagnlandet-lejre\/","name":"March\u00e9 viking \u00e0 Sagnlandet Lejre - Sagnlandet Lejre","isPartOf":{"@id":"https:\/\/sagnlandet.dk\/fr\/#website"},"primaryImageOfPage":{"@id":"https:\/\/sagnlandet.dk\/fr\/blog\/2021\/07\/06\/marche-viking-a-sagnlandet-lejre\/#primaryimage"},"image":{"@id":"https:\/\/sagnlandet.dk\/fr\/blog\/2021\/07\/06\/marche-viking-a-sagnlandet-lejre\/#primaryimage"},"thumbnailUrl":"https:\/\/sagnlandet.dk\/fr\/wp-content\/uploads\/sites\/12\/2025\/02\/vikingetraef-13-juli-2017-35-scaled-1-1-1-1.jpg","datePublished":"2021-07-06T07:17:00+00:00","dateModified":"2025-02-24T06:23:19+00:00","breadcrumb":{"@id":"https:\/\/sagnlandet.dk\/fr\/blog\/2021\/07\/06\/marche-viking-a-sagnlandet-lejre\/#breadcrumb"},"inLanguage":"fr-FR","potentialAction":[{"@type":"ReadAction","target":["https:\/\/sagnlandet.dk\/fr\/blog\/2021\/07\/06\/marche-viking-a-sagnlandet-lejre\/"]}]},{"@type":"ImageObject","inLanguage":"fr-FR","@id":"https:\/\/sagnlandet.dk\/fr\/blog\/2021\/07\/06\/marche-viking-a-sagnlandet-lejre\/#primaryimage","url":"https:\/\/sagnlandet.dk\/fr\/wp-content\/uploads\/sites\/12\/2025\/02\/vikingetraef-13-juli-2017-35-scaled-1-1-1-1.jpg","contentUrl":"https:\/\/sagnlandet.dk\/fr\/wp-content\/uploads\/sites\/12\/2025\/02\/vikingetraef-13-juli-2017-35-scaled-1-1-1-1.jpg","width":2560,"height":1605},{"@type":"BreadcrumbList","@id":"https:\/\/sagnlandet.dk\/fr\/blog\/2021\/07\/06\/marche-viking-a-sagnlandet-lejre\/#breadcrumb","itemListElement":[{"@type":"ListItem","position":1,"name":"Hjem","item":"https:\/\/sagnlandet.dk\/fr\/"},{"@type":"ListItem","position":2,"name":"Viking market in Sagnlandet Lejre"}]},{"@type":"WebSite","@id":"https:\/\/sagnlandet.dk\/fr\/#website","url":"https:\/\/sagnlandet.dk\/fr\/","name":"Sagnlandet Lejre","description":"","publisher":{"@id":"https:\/\/sagnlandet.dk\/fr\/#organization"},"potentialAction":[{"@type":"SearchAction","target":{"@type":"EntryPoint","urlTemplate":"https:\/\/sagnlandet.dk\/fr\/?s={search_term_string}"},"query-input":{"@type":"PropertyValueSpecification","valueRequired":true,"valueName":"search_term_string"}}],"inLanguage":"fr-FR"},{"@type":"Organization","@id":"https:\/\/sagnlandet.dk\/fr\/#organization","name":"Sagnlandet Lejre","url":"https:\/\/sagnlandet.dk\/fr\/","logo":{"@type":"ImageObject","inLanguage":"fr-FR","@id":"https:\/\/sagnlandet.dk\/fr\/#\/schema\/logo\/image\/","url":"https:\/\/sagnlandet.dk\/fr\/wp-content\/uploads\/sites\/12\/1738\/65\/logo.png","contentUrl":"https:\/\/sagnlandet.dk\/fr\/wp-content\/uploads\/sites\/12\/1738\/65\/logo.png","width":398,"height":143,"caption":"Sagnlandet Lejre"},"image":{"@id":"https:\/\/sagnlandet.dk\/fr\/#\/schema\/logo\/image\/"}},{"@type":"Person","@id":"https:\/\/sagnlandet.dk\/fr\/#\/schema\/person\/5b56a163bff00be5a1c49ffbddc5f68e","name":"Christine Roederer","image":{"@type":"ImageObject","inLanguage":"fr-FR","@id":"https:\/\/sagnlandet.dk\/fr\/#\/schema\/person\/image\/","url":"https:\/\/secure.gravatar.com\/avatar\/289c008dee6585bbf4161ecff12b7e8a?s=96&d=mm&r=g","contentUrl":"https:\/\/secure.gravatar.com\/avatar\/289c008dee6585bbf4161ecff12b7e8a?s=96&d=mm&r=g","caption":"Christine Roederer"},"sameAs":["http:\/\/sagnlandet.dk"],"url":"https:\/\/sagnlandet.dk\/fr\/blog\/author\/christine-roederer\/"}]}},"_links":{"self":[{"href":"https:\/\/sagnlandet.dk\/fr\/wp-json\/wp\/v2\/posts\/70301"}],"collection":[{"href":"https:\/\/sagnlandet.dk\/fr\/wp-json\/wp\/v2\/posts"}],"about":[{"href":"https:\/\/sagnlandet.dk\/fr\/wp-json\/wp\/v2\/types\/post"}],"author":[{"embeddable":true,"href":"https:\/\/sagnlandet.dk\/fr\/wp-json\/wp\/v2\/users\/1569"}],"replies":[{"embeddable":true,"href":"https:\/\/sagnlandet.dk\/fr\/wp-json\/wp\/v2\/comments?post=70301"}],"version-history":[{"count":1,"href":"https:\/\/sagnlandet.dk\/fr\/wp-json\/wp\/v2\/posts\/70301\/revisions"}],"predecessor-version":[{"id":70303,"href":"https:\/\/sagnlandet.dk\/fr\/wp-json\/wp\/v2\/posts\/70301\/revisions\/70303"}],"wp:featuredmedia":[{"embeddable":true,"href":"https:\/\/sagnlandet.dk\/fr\/wp-json\/wp\/v2\/media\/71036"}],"wp:attachment":[{"href":"https:\/\/sagnlandet.dk\/fr\/wp-json\/wp\/v2\/media?parent=70301"}],"wp:term":[{"taxonomy":"category","embeddable":true,"href":"https:\/\/sagnlandet.dk\/fr\/wp-json\/wp\/v2\/categories?post=70301"},{"taxonomy":"post_tag","embeddable":true,"href":"https:\/\/sagnlandet.dk\/fr\/wp-json\/wp\/v2\/tags?post=70301"}],"curies":[{"name":"wp","href":"https:\/\/api.w.org\/{rel}","templated":true}]}}