{"id":70290,"date":"2022-11-22T10:06:00","date_gmt":"2022-11-22T09:06:00","guid":{"rendered":"https:\/\/sagnlandet.dk\/fejr-jul-og-jol-med-sagnlandet-lejres-fortidsfolk\/"},"modified":"2025-03-21T08:53:19","modified_gmt":"2025-03-21T07:53:19","slug":"celebrez-noel-avec-le-peuple-ancien-de-lejre-terre-de-legendes","status":"publish","type":"post","link":"https:\/\/sagnlandet.dk\/fr\/blog\/2022\/11\/22\/celebrez-noel-avec-le-peuple-ancien-de-lejre-terre-de-legendes\/","title":{"rendered":"C\u00e9l\u00e9brez No\u00ebl avec le peuple ancien de Lejre Terre de l\u00e9gendes"},"content":{"rendered":"\n<div class=\"wp-block-cover is-light\"><span aria-hidden=\"true\" class=\"wp-block-cover__background has-background-dim\" style=\"background-color:#9b9997\"><\/span><img decoding=\"async\" class=\"wp-block-cover__image-background wp-image-1848\" alt=\"\" src=\"https:\/\/sagnlandet.dk\/wp-content\/uploads\/2025\/02\/skabelon-coverbillede-facebook-stor.png\" data-object-fit=\"cover\"\/><div class=\"wp-block-cover__inner-container is-layout-constrained wp-block-cover-is-layout-constrained\">\n<h1 class=\"wp-block-heading has-text-align-center has-color-bg-color has-text-color has-link-color has-large-font-size wp-elements-b37c6d5964df8c78dd0eb0c5f14c833c\">C\u00e9l\u00e9brez No\u00ebl avec le peuple ancien de Lejre Land of Legends<\/h1>\n<\/div><\/div>\n\n\n\n<hr class=\"wp-block-separator has-alpha-channel-opacity\"\/>\n\n\n<div class=\"wp-block-post-date\"><time datetime=\"2022-11-22T10:06:00+01:00\">22. novembre 2022<\/time><\/div>\n\n\n<hr class=\"wp-block-separator has-alpha-channel-opacity\"\/>\n\n\n\n<h4 class=\"wp-block-heading\">C\u00e9l\u00e9brez No\u00ebl avec le peuple ancien de Lejre Land of Legends<\/h4>\n\n\n\n<h6 class=\"wp-block-heading has-color-1-color has-text-color has-link-color wp-elements-f619805e2690b5b29bc0c4541ee6fd97\"><strong><em>Rendez-nous visite \u00e0 No\u00ebl &#8211; apportez un passeport corona valide et un masque facial &#8211; vous aurez besoin des deux dans le magasin pour entrer !<\/em><\/strong><\/h6>\n\n\n\n<h6 class=\"wp-block-heading has-text-align-right\">27.-28 novembre, 4-5 novembre et 11-12 d\u00e9cembre<\/h6>\n\n\n\n<h5 class=\"wp-block-heading\">\u00c9coutez des histoires vikings, lancez un soldat de plomb in\u00e9branlable et participez au concours de devinettes pour gagner un demi-sanglier des Sagnlands pour la table de No\u00ebl de cette ann\u00e9e lorsque Lejre Land of Legends ouvre ses portes pour les week-ends de No\u00ebl destin\u00e9s \u00e0 tous les \u00e2ges.<\/h5>\n\n\n\n<p>Rares sont les personnes qui n&#8217;ont pas besoin de s&#8217;amuser lorsque le temps hivernal s&#8217;installe et que la nuit tombe t\u00f4t. C&#8217;est vrai aujourd&#8217;hui, c&#8217;\u00e9tait vrai dans les ann\u00e9es 1800, d&#8217;o\u00f9 proviennent bon nombre des traditions de No\u00ebl actuelles, et c&#8217;\u00e9tait vrai \u00e0 l&#8217;\u00e9poque des Vikings, lorsque le milieu de l&#8217;hiver offrait un festin \u00e0 de nombreuses personnes.<\/p>\n\n\n\n<p>La fa\u00e7on dont les Vikings et les paysans d&#8217;autrefois c\u00e9l\u00e9braient la f\u00eate et dont No\u00ebl a \u00e9volu\u00e9 pour devenir ce que nous connaissons aujourd&#8217;hui est une exp\u00e9rience que vous pourrez vivre lorsque Lejre Land of Legends c\u00e9l\u00e9brera pour la premi\u00e8re fois un No\u00ebl pour tous les \u00e2ges et se concentrera \u00e0 la fois sur les histoires de No\u00ebl de l&#8217;enfance de l&#8217;arri\u00e8re-arri\u00e8re-arri\u00e8re-grand-m\u00e8re et sur les c\u00e9l\u00e9brations de la mi-hiver des rois vikings.<\/p>\n\n\n\n<p><em>-Ces derni\u00e8res ann\u00e9es, nous nous sommes concentr\u00e9s sur les ann\u00e9es 1800, o\u00f9 de nombreuses traditions de No\u00ebl que nous connaissons aujourd&#8217;hui trouvent leur origine. Mais \u00e0 partir de cette ann\u00e9e, nous \u00e9tendons le concept de No\u00ebl au pays des l\u00e9gendes de Lejre en ouvrant pour la premi\u00e8re fois la salle du roi<\/em>&#8220;, explique Tania Lousdal Jensen, arch\u00e9ologue et responsable de la communication :<\/p>\n\n\n\n<p><em>-&#8220;C&#8217;est quelque chose que nous sommes impatients de partager avec nos visiteurs. Elle<\/em> explique que l&#8217;un d&#8217;entre eux r\u00e9side dans le nom m\u00eame de &#8220;No\u00ebl&#8221;, qui vient de l&#8217;expression &#8220;boire J\u00f3l&#8221; en vieux norrois.<\/p>\n\n\n\n<p>Le lien avec cette expression, la signification de Drikke J\u00f3l et l&#8217;importance que les Vikings accordaient \u00e0 l&#8217;organisation d&#8217;une f\u00eate de No\u00ebl si riche en nourriture et en boissons qu&#8217;elle pouvait facilement rivaliser avec les f\u00eates de No\u00ebl d&#8217;aujourd&#8217;hui ne sont que quelques-unes des choses dont vous pourrez entendre parler lorsque Sagnlandet Lejre ouvrira ses portes pendant trois week-ends cons\u00e9cutifs et c\u00e9l\u00e9brera No\u00ebl \u00e0 la fois dans le style du XIXe si\u00e8cle et dans celui des Vikings.<\/p>\n\n\n\n<p>Pendant ces trois week-ends, le programme est aussi charg\u00e9 qu&#8217;une table de No\u00ebl bien dress\u00e9e, et petits et grands peuvent s&#8217;adonner \u00e0 toutes sortes d&#8217;activit\u00e9s : couler des soldats en \u00e9tain et rouler des bougies en cire d&#8217;abeille, chasser les elfes en famille, \u00e9couter des contes dans la salle du roi, s&#8217;essayer au nouvel atelier de sculpture de B\u00e5ldalen et visiter les ateliers historiques o\u00f9 potiers, teinturiers et forgerons ont fabriqu\u00e9 une multitude d&#8217;objets d&#8217;artisanat de No\u00ebl.<\/p>\n\n\n\n<p>Les c\u00e9l\u00e9brations de No\u00ebl comprennent \u00e9galement le d\u00e9voilement d&#8217;un joyau artisanal &#8211; une nouvelle reconstitution d&#8217;une d\u00e9couverte viking tr\u00e8s sp\u00e9ciale qui contribuera \u00e0 r\u00e9pandre l&#8217;esprit de No\u00ebl dans la salle du roi, et un concours de devinettes int\u00e9gr\u00e9 o\u00f9 les invit\u00e9s et les sympathisants ont l&#8217;occasion de gagner un demi-sanglier des Sagnlands pour la table de No\u00ebl.<\/p>\n\n\n\n<p><strong><a href=\"https:\/\/www.sagnlandet.dk\/dagsprogram\">Pour en savoir plus, consultez le programme complet de la journ\u00e9e pour le week-end de No\u00ebl que vous pr\u00e9voyez<\/a> <\/strong><em>(s\u00e9lectionnez le mois et la date sp\u00e9cifiques dans le calendrier)<\/em><\/p>\n\n\n\r\n\r\n<section class=\"standout-section standout-block standout-basic alignwide rounded-bg wp-elements-615662f41044868669cae18909d686eb has-bg has-bg-color has-text-color\" style=\"background-color: var(--wp--preset--color--color-text); color: #ffffff;\">\r\n\r\n\t<div class=\"standout-max-container\">\t\r\n\r\n<div class=\"standout-block-inner\">\r\n\t\r\n\t\t\t\t\t\t<div class=\"acf-innerblocks-container\">\n\n<h5 class=\"wp-block-heading has-text-align-center has-color-gul-color has-text-color has-link-color wp-elements-812af36c61e9512158705f0842b92824\">Entr\u00e9e \u00e0 No\u00ebl<\/h5>\n\n\n\n<hr class=\"wp-block-separator has-alpha-channel-opacity\"\/>\n\n\n\n<h6 class=\"wp-block-heading has-text-align-left\">Adulte (12 ans et plus)<\/h6>\n\n\n\n<p>65 DKK<\/p>\n\n\n\n<p><em>(Ne donne pas droit \u00e0 une visite de retour gratuite)<\/em><\/p>\n\n\n\n<h6 class=\"wp-block-heading\">Enfant (3-11 ans)<\/h6>\n\n\n\n<p>45 DKK<\/p>\n\n\n\n<p><em>(Ne donne pas lieu \u00e0 une visite de retour gratuite)<\/em><\/p>\n\n\n\n<h6 class=\"wp-block-heading\">B\u00e9b\u00e9 (0-2 ans)<\/h6>\n\n\n\n<p>Gratuit<\/p>\n\n\n\n<p class=\"aligncenter has-text-align-center\"><em>Vous avez achet\u00e9 une carte annuelle pour 2021 ? Si vous l&#8217;avez en main, vous pourrez entrer gratuitement \u00e0 No\u00ebl. <\/em><\/p>\n\n<\/div>\r\n\t\t\t\r\n\t<\/div>\r\n\r\n\r\n\r\n\t\t<\/div>\r\n<\/section>\n\n\n<p><\/p>\n\n\n\n<div class=\"wp-block-group is-layout-constrained wp-block-group-is-layout-constrained\">\n<hr class=\"wp-block-separator has-alpha-channel-opacity\"\/>\n\n\n\n<p>Pour en savoir plus, consultez les archives sur le contenu et les actualit\u00e9s : <\/p>\n\n\n\n<div class=\"wp-block-columns is-layout-flex wp-container-core-columns-is-layout-2 wp-block-columns-is-layout-flex\">\n<div class=\"wp-block-column is-layout-flow wp-block-column-is-layout-flow\"><div class=\"taxonomy-post_tag wp-block-post-terms\"><span class=\"wp-block-post-terms__prefix\">Tags: <\/span><a href=\"https:\/\/sagnlandet.dk\/fr\/blog\/tag\/covid\/\" rel=\"tag\">COVID<\/a><span class=\"wp-block-post-terms__separator\">, <\/span><a href=\"https:\/\/sagnlandet.dk\/fr\/blog\/tag\/noel\/\" rel=\"tag\">No\u00ebl<\/a><\/div>\n\n\n<hr class=\"wp-block-separator has-alpha-channel-opacity\"\/>\n\n\n<div class=\"taxonomy-category wp-block-post-terms\"><span class=\"wp-block-post-terms__prefix\">Kategorier: <\/span><a href=\"https:\/\/sagnlandet.dk\/fr\/blog\/category\/nouvelles-et-evenements\/juillet\/\" rel=\"tag\">Juillet<\/a><span class=\"wp-block-post-terms__separator\">, <\/span><a href=\"https:\/\/sagnlandet.dk\/fr\/blog\/category\/nouvelles-et-evenements\/\" rel=\"tag\">Nouvelles et \u00e9v\u00e9nements<\/a><\/div><\/div>\n\n\n\n<div class=\"wp-block-column is-layout-flow wp-block-column-is-layout-flow\"><div class=\"wp-block-archives-dropdown wp-block-archives\"><label for=\"wp-block-archives-1\" class=\"wp-block-archives__label\">Archives<\/label>\n\t\t<select id=\"wp-block-archives-1\" name=\"archive-dropdown\" onchange=\"document.location.href=this.options[this.selectedIndex].value;\">\n\t\t<option value=\"\">S\u00e9lectionner un mois<\/option>\t<option value='https:\/\/sagnlandet.dk\/fr\/blog\/2025\/06\/'> juin 2025 &nbsp;(1)<\/option>\n\t<option value='https:\/\/sagnlandet.dk\/fr\/blog\/2023\/12\/'> d\u00e9cembre 2023 &nbsp;(1)<\/option>\n\t<option value='https:\/\/sagnlandet.dk\/fr\/blog\/2022\/11\/'> novembre 2022 &nbsp;(1)<\/option>\n\t<option value='https:\/\/sagnlandet.dk\/fr\/blog\/2022\/10\/'> octobre 2022 &nbsp;(1)<\/option>\n\t<option value='https:\/\/sagnlandet.dk\/fr\/blog\/2021\/09\/'> septembre 2021 &nbsp;(1)<\/option>\n\t<option value='https:\/\/sagnlandet.dk\/fr\/blog\/2021\/07\/'> juillet 2021 &nbsp;(1)<\/option>\n\t<option value='https:\/\/sagnlandet.dk\/fr\/blog\/2020\/09\/'> septembre 2020 &nbsp;(1)<\/option>\n\t<option value='https:\/\/sagnlandet.dk\/fr\/blog\/2020\/08\/'> ao\u00fbt 2020 &nbsp;(2)<\/option>\n\t<option value='https:\/\/sagnlandet.dk\/fr\/blog\/2020\/06\/'> juin 2020 &nbsp;(2)<\/option>\n\t<option value='https:\/\/sagnlandet.dk\/fr\/blog\/2020\/01\/'> janvier 2020 &nbsp;(1)<\/option>\n\t<option value='https:\/\/sagnlandet.dk\/fr\/blog\/2019\/10\/'> octobre 2019 &nbsp;(1)<\/option>\n\t<option value='https:\/\/sagnlandet.dk\/fr\/blog\/2017\/05\/'> mai 2017 &nbsp;(1)<\/option>\n\t<option value='https:\/\/sagnlandet.dk\/fr\/blog\/2016\/10\/'> octobre 2016 &nbsp;(1)<\/option>\n<\/select><\/div>\n\n\n<div class=\"wp-block-group is-layout-constrained wp-block-group-is-layout-constrained\">\n<div class=\"wp-block-columns is-layout-flex wp-container-core-columns-is-layout-1 wp-block-columns-is-layout-flex\">\n<div class=\"wp-block-column is-layout-flow wp-block-column-is-layout-flow\" style=\"flex-basis:100%\">\n<div class=\"wp-block-group is-layout-constrained wp-block-group-is-layout-constrained\"><ul class=\"wp-block-latest-posts__list is-grid columns-2 has-dates wp-block-latest-posts\"><li><div class=\"wp-block-latest-posts__featured-image alignleft\"><a href=\"https:\/\/sagnlandet.dk\/fr\/blog\/2025\/06\/12\/lejre-land-of-legends-inaugure-the-wild-road-le-25-juin\/\" aria-label=\"Lejre Land of Legends inaugure The Wild Road le 25 juin\"><img loading=\"lazy\" decoding=\"async\" width=\"300\" height=\"300\" src=\"https:\/\/sagnlandet.dk\/fr\/wp-content\/uploads\/sites\/12\/2025\/07\/Den-Vilde-Vej-under-opfoerelse_Den-storslaaede-gangsti-snor-sig-fra-jorden-op-mellem-traekronerne-og-330-meter-gennem-det-smukke-istidslandskab-i-Sagnlandet-Lejre-3-scaled-1-300x300.jpg\" class=\"attachment-thumbnail size-thumbnail wp-post-image\" alt=\"\" style=\"max-width:50px;max-height:50px;\" srcset=\"https:\/\/sagnlandet.dk\/fr\/wp-content\/uploads\/sites\/12\/2025\/07\/Den-Vilde-Vej-under-opfoerelse_Den-storslaaede-gangsti-snor-sig-fra-jorden-op-mellem-traekronerne-og-330-meter-gennem-det-smukke-istidslandskab-i-Sagnlandet-Lejre-3-scaled-1-300x300.jpg 300w, https:\/\/sagnlandet.dk\/fr\/wp-content\/uploads\/sites\/12\/2025\/07\/Den-Vilde-Vej-under-opfoerelse_Den-storslaaede-gangsti-snor-sig-fra-jorden-op-mellem-traekronerne-og-330-meter-gennem-det-smukke-istidslandskab-i-Sagnlandet-Lejre-3-scaled-1-100x100.jpg 100w\" sizes=\"(max-width: 300px) 100vw, 300px\" \/><\/a><\/div><a class=\"wp-block-latest-posts__post-title\" href=\"https:\/\/sagnlandet.dk\/fr\/blog\/2025\/06\/12\/lejre-land-of-legends-inaugure-the-wild-road-le-25-juin\/\">Lejre Land of Legends inaugure The Wild Road le 25 juin<\/a><time datetime=\"2025-06-12T16:16:04+02:00\" class=\"wp-block-latest-posts__post-date\">12. juin 2025<\/time><div class=\"wp-block-latest-posts__post-excerpt\">Le mercredi 25 juin, le Lejre Land of Legends inaugurera la nouvelle initiative de l&#8217;attraction, The Wild Road, et invitera les enfants et les adultes de tous \u00e2ges \u00e0 vivre\u2026 <a class=\"wp-block-latest-posts__read-more\" href=\"https:\/\/sagnlandet.dk\/fr\/blog\/2025\/06\/12\/lejre-land-of-legends-inaugure-the-wild-road-le-25-juin\/\" rel=\"noopener noreferrer\">Lire la suite<span class=\"screen-reader-text\">\u00a0: Lejre Land of Legends inaugure The Wild Road le 25 juin<\/span><\/a><\/div><\/li>\n<li><div class=\"wp-block-latest-posts__featured-image alignleft\"><a href=\"https:\/\/sagnlandet.dk\/fr\/blog\/2023\/12\/15\/lavenir-de-lexperimentation-de-lexperience-aux-nouvelles-connaissances-archeologiques\/\" aria-label=\"L&#8217;avenir de l&#8217;exp\u00e9rimentation : De l&#8217;exp\u00e9rience aux nouvelles connaissances arch\u00e9ologiques\"><img loading=\"lazy\" decoding=\"async\" width=\"300\" height=\"300\" src=\"https:\/\/sagnlandet.dk\/fr\/wp-content\/uploads\/sites\/12\/2025\/02\/kongehal-med-personer-lille-1920x593-1-1-1-1-300x300.png\" class=\"attachment-thumbnail size-thumbnail wp-post-image\" alt=\"\" style=\"max-width:50px;max-height:50px;\" srcset=\"https:\/\/sagnlandet.dk\/fr\/wp-content\/uploads\/sites\/12\/2025\/02\/kongehal-med-personer-lille-1920x593-1-1-1-1-300x300.png 300w, https:\/\/sagnlandet.dk\/fr\/wp-content\/uploads\/sites\/12\/2025\/02\/kongehal-med-personer-lille-1920x593-1-1-1-1-100x100.png 100w\" sizes=\"(max-width: 300px) 100vw, 300px\" \/><\/a><\/div><a class=\"wp-block-latest-posts__post-title\" href=\"https:\/\/sagnlandet.dk\/fr\/blog\/2023\/12\/15\/lavenir-de-lexperimentation-de-lexperience-aux-nouvelles-connaissances-archeologiques\/\">L&#8217;avenir de l&#8217;exp\u00e9rimentation : De l&#8217;exp\u00e9rience aux nouvelles connaissances arch\u00e9ologiques<\/a><time datetime=\"2023-12-15T09:39:00+01:00\" class=\"wp-block-latest-posts__post-date\">15. d\u00e9cembre 2023<\/time><div class=\"wp-block-latest-posts__post-excerpt\">Lejre Land of Legends vous invite \u00e0 un s\u00e9minaire de recherche intitul\u00e9 &#8220;L&#8217;avenir de l&#8217;exp\u00e9rimentation&#8221;.<\/div><\/li>\n<\/ul><\/div>\n<\/div>\n<\/div>\n<\/div>\n<\/div>\n<\/div>\n<\/div>\n","protected":false},"excerpt":{"rendered":"<p>C\u00e9l\u00e9brez No\u00ebl avec le peuple ancien de Lejre Land of Legends Rendez-nous visite \u00e0 No\u00ebl &#8211; apportez un passeport corona valide et un masque facial &#8211; vous aurez besoin des deux dans le magasin pour entrer ! 27.-28 novembre, 4-5 novembre et 11-12 d\u00e9cembre \u00c9coutez des histoires vikings, lancez un soldat de plomb in\u00e9branlable et [&hellip;]<\/p>\n","protected":false},"author":1569,"featured_media":71033,"comment_status":"open","ping_status":"open","sticky":false,"template":"","format":"standard","meta":{"_acf_changed":false,"footnotes":""},"categories":[656,648],"tags":[657,658],"class_list":["post-70290","post","type-post","status-publish","format-standard","has-post-thumbnail","hentry","category-juillet","category-nouvelles-et-evenements","tag-covid","tag-noel"],"acf":[],"yoast_head":"<!-- This site is optimized with the Yoast SEO plugin v23.5 - https:\/\/yoast.com\/wordpress\/plugins\/seo\/ -->\n<title>C\u00e9l\u00e9brez No\u00ebl avec le peuple ancien de Lejre Terre de l\u00e9gendes - Sagnlandet Lejre<\/title>\n<meta name=\"robots\" content=\"index, follow, max-snippet:-1, max-image-preview:large, max-video-preview:-1\" \/>\n<link rel=\"canonical\" href=\"https:\/\/sagnlandet.dk\/fr\/blog\/2022\/11\/22\/celebrez-noel-avec-le-peuple-ancien-de-lejre-terre-de-legendes\/\" \/>\n<meta property=\"og:locale\" content=\"fr_FR\" \/>\n<meta property=\"og:type\" content=\"article\" \/>\n<meta property=\"og:title\" content=\"C\u00e9l\u00e9brez No\u00ebl avec le peuple ancien de Lejre Terre de l\u00e9gendes - Sagnlandet Lejre\" \/>\n<meta property=\"og:description\" content=\"C\u00e9l\u00e9brez No\u00ebl avec le peuple ancien de Lejre Land of Legends Rendez-nous visite \u00e0 No\u00ebl &#8211; apportez un passeport corona valide et un masque facial &#8211; vous aurez besoin des deux dans le magasin pour entrer ! 27.-28 novembre, 4-5 novembre et 11-12 d\u00e9cembre \u00c9coutez des histoires vikings, lancez un soldat de plomb in\u00e9branlable et [&hellip;]\" \/>\n<meta property=\"og:url\" content=\"https:\/\/sagnlandet.dk\/fr\/blog\/2022\/11\/22\/celebrez-noel-avec-le-peuple-ancien-de-lejre-terre-de-legendes\/\" \/>\n<meta property=\"og:site_name\" content=\"Sagnlandet Lejre\" \/>\n<meta property=\"article:published_time\" content=\"2022-11-22T09:06:00+00:00\" \/>\n<meta property=\"article:modified_time\" content=\"2025-03-21T07:53:19+00:00\" \/>\n<meta property=\"og:image\" content=\"https:\/\/sagnlandet.dk\/fr\/wp-content\/uploads\/sites\/12\/2025\/02\/skabelon-coverbillede-facebook-stor-1-1-1.png\" \/>\n\t<meta property=\"og:image:width\" content=\"2040\" \/>\n\t<meta property=\"og:image:height\" content=\"600\" \/>\n\t<meta property=\"og:image:type\" content=\"image\/png\" \/>\n<meta name=\"author\" content=\"Christine Roederer\" \/>\n<meta name=\"twitter:card\" content=\"summary_large_image\" \/>\n<meta name=\"twitter:label1\" content=\"\u00c9crit par\" \/>\n\t<meta name=\"twitter:data1\" content=\"Christine Roederer\" \/>\n\t<meta name=\"twitter:label2\" content=\"Dur\u00e9e de lecture estim\u00e9e\" \/>\n\t<meta name=\"twitter:data2\" content=\"4 minutes\" \/>\n<!-- \/ Yoast SEO plugin. -->","yoast_head_json":{"title":"C\u00e9l\u00e9brez No\u00ebl avec le peuple ancien de Lejre Terre de l\u00e9gendes - Sagnlandet Lejre","robots":{"index":"index","follow":"follow","max-snippet":"max-snippet:-1","max-image-preview":"max-image-preview:large","max-video-preview":"max-video-preview:-1"},"canonical":"https:\/\/sagnlandet.dk\/fr\/blog\/2022\/11\/22\/celebrez-noel-avec-le-peuple-ancien-de-lejre-terre-de-legendes\/","og_locale":"fr_FR","og_type":"article","og_title":"C\u00e9l\u00e9brez No\u00ebl avec le peuple ancien de Lejre Terre de l\u00e9gendes - Sagnlandet Lejre","og_description":"C\u00e9l\u00e9brez No\u00ebl avec le peuple ancien de Lejre Land of Legends Rendez-nous visite \u00e0 No\u00ebl &#8211; apportez un passeport corona valide et un masque facial &#8211; vous aurez besoin des deux dans le magasin pour entrer ! 27.-28 novembre, 4-5 novembre et 11-12 d\u00e9cembre \u00c9coutez des histoires vikings, lancez un soldat de plomb in\u00e9branlable et [&hellip;]","og_url":"https:\/\/sagnlandet.dk\/fr\/blog\/2022\/11\/22\/celebrez-noel-avec-le-peuple-ancien-de-lejre-terre-de-legendes\/","og_site_name":"Sagnlandet Lejre","article_published_time":"2022-11-22T09:06:00+00:00","article_modified_time":"2025-03-21T07:53:19+00:00","og_image":[{"url":"https:\/\/sagnlandet.dk\/fr\/wp-content\/uploads\/sites\/12\/2025\/02\/skabelon-coverbillede-facebook-stor-1-1-1.png","width":2040,"height":600,"type":"image\/png"}],"author":"Christine Roederer","twitter_card":"summary_large_image","twitter_misc":{"\u00c9crit par":"Christine Roederer","Dur\u00e9e de lecture estim\u00e9e":"4 minutes"},"schema":{"@context":"https:\/\/schema.org","@graph":[{"@type":"Article","@id":"https:\/\/sagnlandet.dk\/fr\/blog\/2022\/11\/22\/celebrez-noel-avec-le-peuple-ancien-de-lejre-terre-de-legendes\/#article","isPartOf":{"@id":"https:\/\/sagnlandet.dk\/fr\/blog\/2022\/11\/22\/celebrez-noel-avec-le-peuple-ancien-de-lejre-terre-de-legendes\/"},"author":{"name":"Christine Roederer","@id":"https:\/\/sagnlandet.dk\/fr\/#\/schema\/person\/5b56a163bff00be5a1c49ffbddc5f68e"},"headline":"C\u00e9l\u00e9brez No\u00ebl avec le peuple ancien de Lejre Terre de l\u00e9gendes","datePublished":"2022-11-22T09:06:00+00:00","dateModified":"2025-03-21T07:53:19+00:00","mainEntityOfPage":{"@id":"https:\/\/sagnlandet.dk\/fr\/blog\/2022\/11\/22\/celebrez-noel-avec-le-peuple-ancien-de-lejre-terre-de-legendes\/"},"wordCount":721,"commentCount":0,"publisher":{"@id":"https:\/\/sagnlandet.dk\/fr\/#organization"},"image":{"@id":"https:\/\/sagnlandet.dk\/fr\/blog\/2022\/11\/22\/celebrez-noel-avec-le-peuple-ancien-de-lejre-terre-de-legendes\/#primaryimage"},"thumbnailUrl":"https:\/\/sagnlandet.dk\/fr\/wp-content\/uploads\/sites\/12\/2025\/02\/skabelon-coverbillede-facebook-stor-1-1-1.png","keywords":["COVID","No\u00ebl"],"articleSection":["Juillet","Nouvelles et \u00e9v\u00e9nements"],"inLanguage":"fr-FR","potentialAction":[{"@type":"CommentAction","name":"Comment","target":["https:\/\/sagnlandet.dk\/fr\/blog\/2022\/11\/22\/celebrez-noel-avec-le-peuple-ancien-de-lejre-terre-de-legendes\/#respond"]}]},{"@type":"WebPage","@id":"https:\/\/sagnlandet.dk\/fr\/blog\/2022\/11\/22\/celebrez-noel-avec-le-peuple-ancien-de-lejre-terre-de-legendes\/","url":"https:\/\/sagnlandet.dk\/fr\/blog\/2022\/11\/22\/celebrez-noel-avec-le-peuple-ancien-de-lejre-terre-de-legendes\/","name":"C\u00e9l\u00e9brez No\u00ebl avec le peuple ancien de Lejre Terre de l\u00e9gendes - Sagnlandet Lejre","isPartOf":{"@id":"https:\/\/sagnlandet.dk\/fr\/#website"},"primaryImageOfPage":{"@id":"https:\/\/sagnlandet.dk\/fr\/blog\/2022\/11\/22\/celebrez-noel-avec-le-peuple-ancien-de-lejre-terre-de-legendes\/#primaryimage"},"image":{"@id":"https:\/\/sagnlandet.dk\/fr\/blog\/2022\/11\/22\/celebrez-noel-avec-le-peuple-ancien-de-lejre-terre-de-legendes\/#primaryimage"},"thumbnailUrl":"https:\/\/sagnlandet.dk\/fr\/wp-content\/uploads\/sites\/12\/2025\/02\/skabelon-coverbillede-facebook-stor-1-1-1.png","datePublished":"2022-11-22T09:06:00+00:00","dateModified":"2025-03-21T07:53:19+00:00","breadcrumb":{"@id":"https:\/\/sagnlandet.dk\/fr\/blog\/2022\/11\/22\/celebrez-noel-avec-le-peuple-ancien-de-lejre-terre-de-legendes\/#breadcrumb"},"inLanguage":"fr-FR","potentialAction":[{"@type":"ReadAction","target":["https:\/\/sagnlandet.dk\/fr\/blog\/2022\/11\/22\/celebrez-noel-avec-le-peuple-ancien-de-lejre-terre-de-legendes\/"]}]},{"@type":"ImageObject","inLanguage":"fr-FR","@id":"https:\/\/sagnlandet.dk\/fr\/blog\/2022\/11\/22\/celebrez-noel-avec-le-peuple-ancien-de-lejre-terre-de-legendes\/#primaryimage","url":"https:\/\/sagnlandet.dk\/fr\/wp-content\/uploads\/sites\/12\/2025\/02\/skabelon-coverbillede-facebook-stor-1-1-1.png","contentUrl":"https:\/\/sagnlandet.dk\/fr\/wp-content\/uploads\/sites\/12\/2025\/02\/skabelon-coverbillede-facebook-stor-1-1-1.png","width":2040,"height":600},{"@type":"BreadcrumbList","@id":"https:\/\/sagnlandet.dk\/fr\/blog\/2022\/11\/22\/celebrez-noel-avec-le-peuple-ancien-de-lejre-terre-de-legendes\/#breadcrumb","itemListElement":[{"@type":"ListItem","position":1,"name":"Hjem","item":"https:\/\/sagnlandet.dk\/fr\/"},{"@type":"ListItem","position":2,"name":"C\u00e9l\u00e9brez No\u00ebl avec le peuple ancien de Lejre Terre de l\u00e9gendes"}]},{"@type":"WebSite","@id":"https:\/\/sagnlandet.dk\/fr\/#website","url":"https:\/\/sagnlandet.dk\/fr\/","name":"Sagnlandet Lejre","description":"","publisher":{"@id":"https:\/\/sagnlandet.dk\/fr\/#organization"},"potentialAction":[{"@type":"SearchAction","target":{"@type":"EntryPoint","urlTemplate":"https:\/\/sagnlandet.dk\/fr\/?s={search_term_string}"},"query-input":{"@type":"PropertyValueSpecification","valueRequired":true,"valueName":"search_term_string"}}],"inLanguage":"fr-FR"},{"@type":"Organization","@id":"https:\/\/sagnlandet.dk\/fr\/#organization","name":"Sagnlandet Lejre","url":"https:\/\/sagnlandet.dk\/fr\/","logo":{"@type":"ImageObject","inLanguage":"fr-FR","@id":"https:\/\/sagnlandet.dk\/fr\/#\/schema\/logo\/image\/","url":"https:\/\/sagnlandet.dk\/fr\/wp-content\/uploads\/sites\/12\/1738\/65\/logo.png","contentUrl":"https:\/\/sagnlandet.dk\/fr\/wp-content\/uploads\/sites\/12\/1738\/65\/logo.png","width":398,"height":143,"caption":"Sagnlandet Lejre"},"image":{"@id":"https:\/\/sagnlandet.dk\/fr\/#\/schema\/logo\/image\/"}},{"@type":"Person","@id":"https:\/\/sagnlandet.dk\/fr\/#\/schema\/person\/5b56a163bff00be5a1c49ffbddc5f68e","name":"Christine Roederer","image":{"@type":"ImageObject","inLanguage":"fr-FR","@id":"https:\/\/sagnlandet.dk\/fr\/#\/schema\/person\/image\/","url":"https:\/\/secure.gravatar.com\/avatar\/289c008dee6585bbf4161ecff12b7e8a?s=96&d=mm&r=g","contentUrl":"https:\/\/secure.gravatar.com\/avatar\/289c008dee6585bbf4161ecff12b7e8a?s=96&d=mm&r=g","caption":"Christine Roederer"},"sameAs":["http:\/\/sagnlandet.dk"],"url":"https:\/\/sagnlandet.dk\/fr\/blog\/author\/christine-roederer\/"}]}},"_links":{"self":[{"href":"https:\/\/sagnlandet.dk\/fr\/wp-json\/wp\/v2\/posts\/70290"}],"collection":[{"href":"https:\/\/sagnlandet.dk\/fr\/wp-json\/wp\/v2\/posts"}],"about":[{"href":"https:\/\/sagnlandet.dk\/fr\/wp-json\/wp\/v2\/types\/post"}],"author":[{"embeddable":true,"href":"https:\/\/sagnlandet.dk\/fr\/wp-json\/wp\/v2\/users\/1569"}],"replies":[{"embeddable":true,"href":"https:\/\/sagnlandet.dk\/fr\/wp-json\/wp\/v2\/comments?post=70290"}],"version-history":[{"count":3,"href":"https:\/\/sagnlandet.dk\/fr\/wp-json\/wp\/v2\/posts\/70290\/revisions"}],"predecessor-version":[{"id":71132,"href":"https:\/\/sagnlandet.dk\/fr\/wp-json\/wp\/v2\/posts\/70290\/revisions\/71132"}],"wp:featuredmedia":[{"embeddable":true,"href":"https:\/\/sagnlandet.dk\/fr\/wp-json\/wp\/v2\/media\/71033"}],"wp:attachment":[{"href":"https:\/\/sagnlandet.dk\/fr\/wp-json\/wp\/v2\/media?parent=70290"}],"wp:term":[{"taxonomy":"category","embeddable":true,"href":"https:\/\/sagnlandet.dk\/fr\/wp-json\/wp\/v2\/categories?post=70290"},{"taxonomy":"post_tag","embeddable":true,"href":"https:\/\/sagnlandet.dk\/fr\/wp-json\/wp\/v2\/tags?post=70290"}],"curies":[{"name":"wp","href":"https:\/\/api.w.org\/{rel}","templated":true}]}}