{"id":70245,"date":"2017-05-27T08:26:00","date_gmt":"2017-05-27T06:26:00","guid":{"rendered":"https:\/\/sagnlandet.dk\/vikingernes-farvepalet\/"},"modified":"2025-02-24T07:23:41","modified_gmt":"2025-02-24T06:23:41","slug":"la-palette-de-couleurs-des-vikings","status":"publish","type":"post","link":"https:\/\/sagnlandet.dk\/fr\/blog\/2017\/05\/27\/la-palette-de-couleurs-des-vikings\/","title":{"rendered":"La palette de couleurs des Vikings"},"content":{"rendered":"\n<div class=\"wp-block-cover is-light\"><span aria-hidden=\"true\" class=\"wp-block-cover__background has-background-dim\" style=\"background-color:#9b9997\"><\/span><img decoding=\"async\" class=\"wp-block-cover__image-background wp-image-1497\" alt=\"\" src=\"https:\/\/sagnlandet.dk\/wp-content\/uploads\/2025\/02\/vikingemarked-01-scaled-1.jpg\" data-object-fit=\"cover\"\/><div class=\"wp-block-cover__inner-container is-layout-constrained wp-block-cover-is-layout-constrained\">\n<h1 class=\"wp-block-heading has-text-align-center has-color-bg-color has-text-color has-link-color has-large-font-size wp-elements-45a11fb4d3dc0926a971d253e48bea71\">La palette de couleurs des Vikings<\/h1>\n<\/div><\/div>\n\n\n\n<hr class=\"wp-block-separator has-alpha-channel-opacity\"\/>\n\n\n<div class=\"wp-block-post-date\"><time datetime=\"2017-05-27T08:26:00+02:00\">27. mai 2017<\/time><\/div>\n\n\n<hr class=\"wp-block-separator has-alpha-channel-opacity\"\/>\n\n\n\n<h4 class=\"wp-block-heading\">Les couleurs de l&#8217;\u00e8re viking recr\u00e9\u00e9es<\/h4>\n\n\n\n<p>En collaboration avec des chercheurs du Mus\u00e9e national du Danemark, Lejre Land of Legends est \u00e0 l&#8217;origine d&#8217;un projet de recherche sur les couleurs de l&#8217;\u00e8re viking. Et il se passe beaucoup de choses. Les couleurs, en l&#8217;occurrence. M\u00eame si la plupart des objets d\u00e9couverts \u00e0 l&#8217;\u00e9poque des Vikings peuvent sembler incolores \u00e0 premi\u00e8re vue, les analyses des chercheurs montrent que l&#8217;\u00e9poque des Vikings \u00e9tait tr\u00e8s color\u00e9e.<\/p>\n\n\n\n<p>Aujourd&#8217;hui, nous ne pouvons pas voir \u00e0 quoi ressemblaient les couches de peinture \u00e0 l&#8217;\u00e9poque des Vikings. Les restes de peinture que nous voyons dans les d\u00e9couvertes sont d\u00e9grad\u00e9s et assombris. Mais nous pouvons analyser le type de peinture et de pigments utilis\u00e9s en nous basant sur les rares d\u00e9couvertes. Il est possible qu&#8217;une palette plus large que celle que nous connaissons aujourd&#8217;hui ait \u00e9t\u00e9 utilis\u00e9e \u00e0 l&#8217;\u00e9poque des Vikings, mais la palette utilis\u00e9e est bas\u00e9e sur ce que nous connaissons aujourd&#8217;hui.<\/p>\n\n\n\n<p><a href=\"https:\/\/sagnlandet.dk\/wp-content\/uploads\/2024\/10\/Vikingetidens_farvepalet_Rapport.pdf\" target=\"_blank\" rel=\"noreferrer noopener\"><span style=\"text-decoration: underline;\">Lire le rapport des chercheurs sur la palette de couleurs de l&#8217;\u00e2ge des Vikings<\/span><\/a><\/p>\n\n\n\n<div class=\"wp-block-columns is-layout-flex wp-container-core-columns-is-layout-1 wp-block-columns-is-layout-flex\">\n<div class=\"wp-block-column is-layout-flow wp-block-column-is-layout-flow\">\n<figure class=\"wp-block-image size-full\"><img decoding=\"async\" src=\"https:\/\/sagnlandet.dk\/wp-content\/uploads\/2025\/02\/vikingetidens-farvepalet-foto-2-500x495-1.jpg\" alt=\"\" class=\"wp-image-1500\"\/><\/figure>\n\n\n\n<p>La palette de l&#8217;\u00e2ge des Vikings repr\u00e9sent\u00e9e sur la carte des couleurs du NCS. Photo : <em>Mus\u00e9e national du Danemark, Line Bregnh\u00f8i<\/em>.<\/p>\n<\/div>\n\n\n\n<div class=\"wp-block-column is-layout-flow wp-block-column-is-layout-flow\">\n<figure class=\"wp-block-image size-full\"><img decoding=\"async\" src=\"https:\/\/sagnlandet.dk\/wp-content\/uploads\/2025\/02\/vikingetidens-farvepalet-foto1-445x500-1.jpg\" alt=\"\" class=\"wp-image-1499\"\/><\/figure>\n\n\n\n<p>La palette de l&#8217;\u00e2ge des Vikings. Photo : Mus\u00e9e national du Danemark, Line Bregnh\u00f8i : <em>Mus\u00e9e national du Danemark, Line Bregnh\u00f8i.<\/em><\/p>\n<\/div>\n<\/div>\n\n\n\n<h4 class=\"wp-block-heading\">S\u00e9minaire sur les Vikings color\u00e9s<\/h4>\n\n\n\n<p>Le 9 septembre 2016, Lejre Land of Legends, en collaboration avec l&#8217;Universit\u00e9 de Copenhague, a organis\u00e9 le s\u00e9minaire &#8220;Colorful Vikings&#8221;. Ce fut une journ\u00e9e passionnante, riche en nouvelles connaissances, en aper\u00e7us int\u00e9ressants et en r\u00e9sultats pr\u00e9sent\u00e9s qui ne pointent pas n\u00e9cessairement dans la m\u00eame direction.<\/p>\n\n\n\n<p>Pour en savoir plus, consultez le site videnskab.dk, qui \u00e9tait sur place pendant le s\u00e9minaire et a recueilli quelques-uns des points abord\u00e9s.<\/p>\n\n\n\n<p><a href=\"https:\/\/videnskab.dk\/kultur-samfund\/vikingetidens-farver-skaber-furore-blandt-forskere\" target=\"_blank\" rel=\"noreferrer noopener\"><strong>Lire l&#8217;article &#8220;Les couleurs de l&#8217;\u00e2ge des Vikings suscitent la col\u00e8re des chercheurs&#8221; (en anglais) <\/strong><\/a><\/p>\n\n\n\n<p><a href=\"https:\/\/www.youtube.com\/playlist?list=PLMOLiYsryN41zyzWDop0lbFQl9Jibb14t\" target=\"_blank\" rel=\"noreferrer noopener\"><strong>Voir les enregistrements vid\u00e9o de la pr\u00e9sentation des chercheurs lors du s\u00e9minaire &#8220;Colorful Vikings&#8221; (YouTube)<\/strong><\/a><\/p>\n\n\n\n<hr class=\"wp-block-separator has-alpha-channel-opacity\"\/>\n\n\n\n<p>Pour en savoir plus, consultez les archives des contenus et des actualit\u00e9s : <\/p>\n\n\n\n<div class=\"wp-block-columns is-layout-flex wp-container-core-columns-is-layout-3 wp-block-columns-is-layout-flex\">\n<div class=\"wp-block-column is-layout-flow wp-block-column-is-layout-flow\"><div class=\"taxonomy-post_tag wp-block-post-terms\"><span class=\"wp-block-post-terms__prefix\">Tags: <\/span><a href=\"https:\/\/sagnlandet.dk\/fr\/blog\/tag\/la-palette-de-couleurs-des-vikings\/\" rel=\"tag\">La palette de couleurs des Vikings<\/a><\/div>\n\n\n<hr class=\"wp-block-separator has-alpha-channel-opacity\"\/>\n\n\n<div class=\"taxonomy-category wp-block-post-terms\"><span class=\"wp-block-post-terms__prefix\">Kategorier: <\/span><a href=\"https:\/\/sagnlandet.dk\/fr\/blog\/category\/recherche-et-developpement\/\" rel=\"tag\">Recherche et d\u00e9veloppement<\/a><span class=\"wp-block-post-terms__separator\">, <\/span><a href=\"https:\/\/sagnlandet.dk\/fr\/blog\/category\/viking\/\" rel=\"tag\">Viking<\/a><\/div><\/div>\n\n\n\n<div class=\"wp-block-column is-layout-flow wp-block-column-is-layout-flow\"><div class=\"wp-block-archives-dropdown wp-block-archives\"><label for=\"wp-block-archives-1\" class=\"wp-block-archives__label\">Archives<\/label>\n\t\t<select id=\"wp-block-archives-1\" name=\"archive-dropdown\" onchange=\"document.location.href=this.options[this.selectedIndex].value;\">\n\t\t<option value=\"\">S\u00e9lectionner un mois<\/option>\t<option value='https:\/\/sagnlandet.dk\/fr\/blog\/2025\/06\/'> juin 2025 &nbsp;(1)<\/option>\n\t<option value='https:\/\/sagnlandet.dk\/fr\/blog\/2023\/12\/'> d\u00e9cembre 2023 &nbsp;(1)<\/option>\n\t<option value='https:\/\/sagnlandet.dk\/fr\/blog\/2022\/11\/'> novembre 2022 &nbsp;(1)<\/option>\n\t<option value='https:\/\/sagnlandet.dk\/fr\/blog\/2022\/10\/'> octobre 2022 &nbsp;(1)<\/option>\n\t<option value='https:\/\/sagnlandet.dk\/fr\/blog\/2021\/09\/'> septembre 2021 &nbsp;(1)<\/option>\n\t<option value='https:\/\/sagnlandet.dk\/fr\/blog\/2021\/07\/'> juillet 2021 &nbsp;(1)<\/option>\n\t<option value='https:\/\/sagnlandet.dk\/fr\/blog\/2020\/09\/'> septembre 2020 &nbsp;(1)<\/option>\n\t<option value='https:\/\/sagnlandet.dk\/fr\/blog\/2020\/08\/'> ao\u00fbt 2020 &nbsp;(2)<\/option>\n\t<option value='https:\/\/sagnlandet.dk\/fr\/blog\/2020\/06\/'> juin 2020 &nbsp;(2)<\/option>\n\t<option value='https:\/\/sagnlandet.dk\/fr\/blog\/2020\/01\/'> janvier 2020 &nbsp;(1)<\/option>\n\t<option value='https:\/\/sagnlandet.dk\/fr\/blog\/2019\/10\/'> octobre 2019 &nbsp;(1)<\/option>\n\t<option value='https:\/\/sagnlandet.dk\/fr\/blog\/2017\/05\/'> mai 2017 &nbsp;(1)<\/option>\n\t<option value='https:\/\/sagnlandet.dk\/fr\/blog\/2016\/10\/'> octobre 2016 &nbsp;(1)<\/option>\n<\/select><\/div>\n\n\n<div class=\"wp-block-group is-layout-constrained wp-block-group-is-layout-constrained\">\n<div class=\"wp-block-columns is-layout-flex wp-container-core-columns-is-layout-2 wp-block-columns-is-layout-flex\">\n<div class=\"wp-block-column is-layout-flow wp-block-column-is-layout-flow\" style=\"flex-basis:100%\">\n<div class=\"wp-block-group is-layout-constrained wp-block-group-is-layout-constrained\"><ul class=\"wp-block-latest-posts__list is-grid columns-2 has-dates wp-block-latest-posts\"><li><div class=\"wp-block-latest-posts__featured-image alignleft\"><a href=\"https:\/\/sagnlandet.dk\/fr\/blog\/2025\/06\/12\/lejre-land-of-legends-inaugure-the-wild-road-le-25-juin\/\" aria-label=\"Lejre Land of Legends inaugure The Wild Road le 25 juin\"><img loading=\"lazy\" decoding=\"async\" width=\"300\" height=\"300\" src=\"https:\/\/sagnlandet.dk\/fr\/wp-content\/uploads\/sites\/12\/2025\/07\/Den-Vilde-Vej-under-opfoerelse_Den-storslaaede-gangsti-snor-sig-fra-jorden-op-mellem-traekronerne-og-330-meter-gennem-det-smukke-istidslandskab-i-Sagnlandet-Lejre-3-scaled-1-300x300.jpg\" class=\"attachment-thumbnail size-thumbnail wp-post-image\" alt=\"\" style=\"max-width:50px;max-height:50px;\" srcset=\"https:\/\/sagnlandet.dk\/fr\/wp-content\/uploads\/sites\/12\/2025\/07\/Den-Vilde-Vej-under-opfoerelse_Den-storslaaede-gangsti-snor-sig-fra-jorden-op-mellem-traekronerne-og-330-meter-gennem-det-smukke-istidslandskab-i-Sagnlandet-Lejre-3-scaled-1-300x300.jpg 300w, https:\/\/sagnlandet.dk\/fr\/wp-content\/uploads\/sites\/12\/2025\/07\/Den-Vilde-Vej-under-opfoerelse_Den-storslaaede-gangsti-snor-sig-fra-jorden-op-mellem-traekronerne-og-330-meter-gennem-det-smukke-istidslandskab-i-Sagnlandet-Lejre-3-scaled-1-100x100.jpg 100w\" sizes=\"(max-width: 300px) 100vw, 300px\" \/><\/a><\/div><a class=\"wp-block-latest-posts__post-title\" href=\"https:\/\/sagnlandet.dk\/fr\/blog\/2025\/06\/12\/lejre-land-of-legends-inaugure-the-wild-road-le-25-juin\/\">Lejre Land of Legends inaugure The Wild Road le 25 juin<\/a><time datetime=\"2025-06-12T16:16:04+02:00\" class=\"wp-block-latest-posts__post-date\">12. juin 2025<\/time><div class=\"wp-block-latest-posts__post-excerpt\">Le mercredi 25 juin, le Lejre Land of Legends inaugurera la nouvelle initiative de l&#8217;attraction, The Wild Road, et invitera les enfants et les adultes de tous \u00e2ges \u00e0 vivre\u2026 <a class=\"wp-block-latest-posts__read-more\" href=\"https:\/\/sagnlandet.dk\/fr\/blog\/2025\/06\/12\/lejre-land-of-legends-inaugure-the-wild-road-le-25-juin\/\" rel=\"noopener noreferrer\">Lire la suite<span class=\"screen-reader-text\">\u00a0: Lejre Land of Legends inaugure The Wild Road le 25 juin<\/span><\/a><\/div><\/li>\n<li><div class=\"wp-block-latest-posts__featured-image alignleft\"><a href=\"https:\/\/sagnlandet.dk\/fr\/blog\/2023\/12\/15\/lavenir-de-lexperimentation-de-lexperience-aux-nouvelles-connaissances-archeologiques\/\" aria-label=\"L&#8217;avenir de l&#8217;exp\u00e9rimentation : De l&#8217;exp\u00e9rience aux nouvelles connaissances arch\u00e9ologiques\"><img loading=\"lazy\" decoding=\"async\" width=\"300\" height=\"300\" src=\"https:\/\/sagnlandet.dk\/fr\/wp-content\/uploads\/sites\/12\/2025\/02\/kongehal-med-personer-lille-1920x593-1-1-1-1-300x300.png\" class=\"attachment-thumbnail size-thumbnail wp-post-image\" alt=\"\" style=\"max-width:50px;max-height:50px;\" srcset=\"https:\/\/sagnlandet.dk\/fr\/wp-content\/uploads\/sites\/12\/2025\/02\/kongehal-med-personer-lille-1920x593-1-1-1-1-300x300.png 300w, https:\/\/sagnlandet.dk\/fr\/wp-content\/uploads\/sites\/12\/2025\/02\/kongehal-med-personer-lille-1920x593-1-1-1-1-100x100.png 100w\" sizes=\"(max-width: 300px) 100vw, 300px\" \/><\/a><\/div><a class=\"wp-block-latest-posts__post-title\" href=\"https:\/\/sagnlandet.dk\/fr\/blog\/2023\/12\/15\/lavenir-de-lexperimentation-de-lexperience-aux-nouvelles-connaissances-archeologiques\/\">L&#8217;avenir de l&#8217;exp\u00e9rimentation : De l&#8217;exp\u00e9rience aux nouvelles connaissances arch\u00e9ologiques<\/a><time datetime=\"2023-12-15T09:39:00+01:00\" class=\"wp-block-latest-posts__post-date\">15. d\u00e9cembre 2023<\/time><div class=\"wp-block-latest-posts__post-excerpt\">Lejre Land of Legends vous invite \u00e0 un s\u00e9minaire de recherche intitul\u00e9 &#8220;L&#8217;avenir de l&#8217;exp\u00e9rimentation&#8221;.<\/div><\/li>\n<\/ul><\/div>\n<\/div>\n<\/div>\n<\/div>\n<\/div>\n<\/div>\n","protected":false},"excerpt":{"rendered":"<p>Les couleurs de l&#8217;\u00e8re viking recr\u00e9\u00e9es En collaboration avec des chercheurs du Mus\u00e9e national du Danemark, Lejre Land of Legends est \u00e0 l&#8217;origine d&#8217;un projet de recherche sur les couleurs de l&#8217;\u00e8re viking. Et il se passe beaucoup de choses. Les couleurs, en l&#8217;occurrence. M\u00eame si la plupart des objets d\u00e9couverts \u00e0 l&#8217;\u00e9poque des Vikings [&hellip;]<\/p>\n","protected":false},"author":1569,"featured_media":71044,"comment_status":"open","ping_status":"open","sticky":false,"template":"","format":"standard","meta":{"_acf_changed":false,"footnotes":""},"categories":[646,641],"tags":[647],"class_list":["post-70245","post","type-post","status-publish","format-standard","has-post-thumbnail","hentry","category-recherche-et-developpement","category-viking","tag-la-palette-de-couleurs-des-vikings"],"acf":[],"yoast_head":"<!-- This site is optimized with the Yoast SEO plugin v23.5 - https:\/\/yoast.com\/wordpress\/plugins\/seo\/ -->\n<title>La palette de couleurs des Vikings - Sagnlandet Lejre<\/title>\n<meta name=\"robots\" content=\"index, follow, max-snippet:-1, max-image-preview:large, max-video-preview:-1\" \/>\n<link rel=\"canonical\" href=\"https:\/\/sagnlandet.dk\/fr\/blog\/2017\/05\/27\/la-palette-de-couleurs-des-vikings\/\" \/>\n<meta property=\"og:locale\" content=\"fr_FR\" \/>\n<meta property=\"og:type\" content=\"article\" \/>\n<meta property=\"og:title\" content=\"La palette de couleurs des Vikings - Sagnlandet Lejre\" \/>\n<meta property=\"og:description\" content=\"Les couleurs de l&#8217;\u00e8re viking recr\u00e9\u00e9es En collaboration avec des chercheurs du Mus\u00e9e national du Danemark, Lejre Land of Legends est \u00e0 l&#8217;origine d&#8217;un projet de recherche sur les couleurs de l&#8217;\u00e8re viking. Et il se passe beaucoup de choses. Les couleurs, en l&#8217;occurrence. M\u00eame si la plupart des objets d\u00e9couverts \u00e0 l&#8217;\u00e9poque des Vikings [&hellip;]\" \/>\n<meta property=\"og:url\" content=\"https:\/\/sagnlandet.dk\/fr\/blog\/2017\/05\/27\/la-palette-de-couleurs-des-vikings\/\" \/>\n<meta property=\"og:site_name\" content=\"Sagnlandet Lejre\" \/>\n<meta property=\"article:published_time\" content=\"2017-05-27T06:26:00+00:00\" \/>\n<meta property=\"article:modified_time\" content=\"2025-02-24T06:23:41+00:00\" \/>\n<meta property=\"og:image\" content=\"https:\/\/sagnlandet.dk\/fr\/wp-content\/uploads\/sites\/12\/2025\/02\/vikingemarked-01-scaled-2-1.jpg\" \/>\n\t<meta property=\"og:image:width\" content=\"2560\" \/>\n\t<meta property=\"og:image:height\" content=\"1707\" \/>\n\t<meta property=\"og:image:type\" content=\"image\/jpeg\" \/>\n<meta name=\"author\" content=\"Christine Roederer\" \/>\n<meta name=\"twitter:card\" content=\"summary_large_image\" \/>\n<meta name=\"twitter:label1\" content=\"\u00c9crit par\" \/>\n\t<meta name=\"twitter:data1\" content=\"Christine Roederer\" \/>\n\t<meta name=\"twitter:label2\" content=\"Dur\u00e9e de lecture estim\u00e9e\" \/>\n\t<meta name=\"twitter:data2\" content=\"3 minutes\" \/>\n<!-- \/ Yoast SEO plugin. -->","yoast_head_json":{"title":"La palette de couleurs des Vikings - Sagnlandet Lejre","robots":{"index":"index","follow":"follow","max-snippet":"max-snippet:-1","max-image-preview":"max-image-preview:large","max-video-preview":"max-video-preview:-1"},"canonical":"https:\/\/sagnlandet.dk\/fr\/blog\/2017\/05\/27\/la-palette-de-couleurs-des-vikings\/","og_locale":"fr_FR","og_type":"article","og_title":"La palette de couleurs des Vikings - Sagnlandet Lejre","og_description":"Les couleurs de l&#8217;\u00e8re viking recr\u00e9\u00e9es En collaboration avec des chercheurs du Mus\u00e9e national du Danemark, Lejre Land of Legends est \u00e0 l&#8217;origine d&#8217;un projet de recherche sur les couleurs de l&#8217;\u00e8re viking. Et il se passe beaucoup de choses. Les couleurs, en l&#8217;occurrence. M\u00eame si la plupart des objets d\u00e9couverts \u00e0 l&#8217;\u00e9poque des Vikings [&hellip;]","og_url":"https:\/\/sagnlandet.dk\/fr\/blog\/2017\/05\/27\/la-palette-de-couleurs-des-vikings\/","og_site_name":"Sagnlandet Lejre","article_published_time":"2017-05-27T06:26:00+00:00","article_modified_time":"2025-02-24T06:23:41+00:00","og_image":[{"width":2560,"height":1707,"url":"https:\/\/sagnlandet.dk\/fr\/wp-content\/uploads\/sites\/12\/2025\/02\/vikingemarked-01-scaled-2-1.jpg","type":"image\/jpeg"}],"author":"Christine Roederer","twitter_card":"summary_large_image","twitter_misc":{"\u00c9crit par":"Christine Roederer","Dur\u00e9e de lecture estim\u00e9e":"3 minutes"},"schema":{"@context":"https:\/\/schema.org","@graph":[{"@type":"Article","@id":"https:\/\/sagnlandet.dk\/fr\/blog\/2017\/05\/27\/la-palette-de-couleurs-des-vikings\/#article","isPartOf":{"@id":"https:\/\/sagnlandet.dk\/fr\/blog\/2017\/05\/27\/la-palette-de-couleurs-des-vikings\/"},"author":{"name":"Christine Roederer","@id":"https:\/\/sagnlandet.dk\/fr\/#\/schema\/person\/5b56a163bff00be5a1c49ffbddc5f68e"},"headline":"La palette de couleurs des Vikings","datePublished":"2017-05-27T06:26:00+00:00","dateModified":"2025-02-24T06:23:41+00:00","mainEntityOfPage":{"@id":"https:\/\/sagnlandet.dk\/fr\/blog\/2017\/05\/27\/la-palette-de-couleurs-des-vikings\/"},"wordCount":379,"commentCount":0,"publisher":{"@id":"https:\/\/sagnlandet.dk\/fr\/#organization"},"image":{"@id":"https:\/\/sagnlandet.dk\/fr\/blog\/2017\/05\/27\/la-palette-de-couleurs-des-vikings\/#primaryimage"},"thumbnailUrl":"https:\/\/sagnlandet.dk\/fr\/wp-content\/uploads\/sites\/12\/2025\/02\/vikingemarked-01-scaled-2-1-1.jpg","keywords":["La palette de couleurs des Vikings"],"articleSection":["Recherche et d\u00e9veloppement","Viking"],"inLanguage":"fr-FR","potentialAction":[{"@type":"CommentAction","name":"Comment","target":["https:\/\/sagnlandet.dk\/fr\/blog\/2017\/05\/27\/la-palette-de-couleurs-des-vikings\/#respond"]}]},{"@type":"WebPage","@id":"https:\/\/sagnlandet.dk\/fr\/blog\/2017\/05\/27\/la-palette-de-couleurs-des-vikings\/","url":"https:\/\/sagnlandet.dk\/fr\/blog\/2017\/05\/27\/la-palette-de-couleurs-des-vikings\/","name":"La palette de couleurs des Vikings - Sagnlandet Lejre","isPartOf":{"@id":"https:\/\/sagnlandet.dk\/fr\/#website"},"primaryImageOfPage":{"@id":"https:\/\/sagnlandet.dk\/fr\/blog\/2017\/05\/27\/la-palette-de-couleurs-des-vikings\/#primaryimage"},"image":{"@id":"https:\/\/sagnlandet.dk\/fr\/blog\/2017\/05\/27\/la-palette-de-couleurs-des-vikings\/#primaryimage"},"thumbnailUrl":"https:\/\/sagnlandet.dk\/fr\/wp-content\/uploads\/sites\/12\/2025\/02\/vikingemarked-01-scaled-2-1-1.jpg","datePublished":"2017-05-27T06:26:00+00:00","dateModified":"2025-02-24T06:23:41+00:00","breadcrumb":{"@id":"https:\/\/sagnlandet.dk\/fr\/blog\/2017\/05\/27\/la-palette-de-couleurs-des-vikings\/#breadcrumb"},"inLanguage":"fr-FR","potentialAction":[{"@type":"ReadAction","target":["https:\/\/sagnlandet.dk\/fr\/blog\/2017\/05\/27\/la-palette-de-couleurs-des-vikings\/"]}]},{"@type":"ImageObject","inLanguage":"fr-FR","@id":"https:\/\/sagnlandet.dk\/fr\/blog\/2017\/05\/27\/la-palette-de-couleurs-des-vikings\/#primaryimage","url":"https:\/\/sagnlandet.dk\/fr\/wp-content\/uploads\/sites\/12\/2025\/02\/vikingemarked-01-scaled-2-1-1.jpg","contentUrl":"https:\/\/sagnlandet.dk\/fr\/wp-content\/uploads\/sites\/12\/2025\/02\/vikingemarked-01-scaled-2-1-1.jpg","width":2560,"height":1707},{"@type":"BreadcrumbList","@id":"https:\/\/sagnlandet.dk\/fr\/blog\/2017\/05\/27\/la-palette-de-couleurs-des-vikings\/#breadcrumb","itemListElement":[{"@type":"ListItem","position":1,"name":"Hjem","item":"https:\/\/sagnlandet.dk\/fr\/"},{"@type":"ListItem","position":2,"name":"The Viking color palette"}]},{"@type":"WebSite","@id":"https:\/\/sagnlandet.dk\/fr\/#website","url":"https:\/\/sagnlandet.dk\/fr\/","name":"Sagnlandet Lejre","description":"","publisher":{"@id":"https:\/\/sagnlandet.dk\/fr\/#organization"},"potentialAction":[{"@type":"SearchAction","target":{"@type":"EntryPoint","urlTemplate":"https:\/\/sagnlandet.dk\/fr\/?s={search_term_string}"},"query-input":{"@type":"PropertyValueSpecification","valueRequired":true,"valueName":"search_term_string"}}],"inLanguage":"fr-FR"},{"@type":"Organization","@id":"https:\/\/sagnlandet.dk\/fr\/#organization","name":"Sagnlandet Lejre","url":"https:\/\/sagnlandet.dk\/fr\/","logo":{"@type":"ImageObject","inLanguage":"fr-FR","@id":"https:\/\/sagnlandet.dk\/fr\/#\/schema\/logo\/image\/","url":"https:\/\/sagnlandet.dk\/fr\/wp-content\/uploads\/sites\/12\/1738\/65\/logo.png","contentUrl":"https:\/\/sagnlandet.dk\/fr\/wp-content\/uploads\/sites\/12\/1738\/65\/logo.png","width":398,"height":143,"caption":"Sagnlandet Lejre"},"image":{"@id":"https:\/\/sagnlandet.dk\/fr\/#\/schema\/logo\/image\/"}},{"@type":"Person","@id":"https:\/\/sagnlandet.dk\/fr\/#\/schema\/person\/5b56a163bff00be5a1c49ffbddc5f68e","name":"Christine Roederer","image":{"@type":"ImageObject","inLanguage":"fr-FR","@id":"https:\/\/sagnlandet.dk\/fr\/#\/schema\/person\/image\/","url":"https:\/\/secure.gravatar.com\/avatar\/289c008dee6585bbf4161ecff12b7e8a?s=96&d=mm&r=g","contentUrl":"https:\/\/secure.gravatar.com\/avatar\/289c008dee6585bbf4161ecff12b7e8a?s=96&d=mm&r=g","caption":"Christine Roederer"},"sameAs":["http:\/\/sagnlandet.dk"],"url":"https:\/\/sagnlandet.dk\/fr\/blog\/author\/christine-roederer\/"}]}},"_links":{"self":[{"href":"https:\/\/sagnlandet.dk\/fr\/wp-json\/wp\/v2\/posts\/70245"}],"collection":[{"href":"https:\/\/sagnlandet.dk\/fr\/wp-json\/wp\/v2\/posts"}],"about":[{"href":"https:\/\/sagnlandet.dk\/fr\/wp-json\/wp\/v2\/types\/post"}],"author":[{"embeddable":true,"href":"https:\/\/sagnlandet.dk\/fr\/wp-json\/wp\/v2\/users\/1569"}],"replies":[{"embeddable":true,"href":"https:\/\/sagnlandet.dk\/fr\/wp-json\/wp\/v2\/comments?post=70245"}],"version-history":[{"count":1,"href":"https:\/\/sagnlandet.dk\/fr\/wp-json\/wp\/v2\/posts\/70245\/revisions"}],"predecessor-version":[{"id":70249,"href":"https:\/\/sagnlandet.dk\/fr\/wp-json\/wp\/v2\/posts\/70245\/revisions\/70249"}],"wp:featuredmedia":[{"embeddable":true,"href":"https:\/\/sagnlandet.dk\/fr\/wp-json\/wp\/v2\/media\/71044"}],"wp:attachment":[{"href":"https:\/\/sagnlandet.dk\/fr\/wp-json\/wp\/v2\/media?parent=70245"}],"wp:term":[{"taxonomy":"category","embeddable":true,"href":"https:\/\/sagnlandet.dk\/fr\/wp-json\/wp\/v2\/categories?post=70245"},{"taxonomy":"post_tag","embeddable":true,"href":"https:\/\/sagnlandet.dk\/fr\/wp-json\/wp\/v2\/tags?post=70245"}],"curies":[{"name":"wp","href":"https:\/\/api.w.org\/{rel}","templated":true}]}}