{"id":70305,"date":"2021-09-23T09:36:00","date_gmt":"2021-09-23T07:36:00","guid":{"rendered":"https:\/\/sagnlandet.dk\/vikingemarked-og-sagnkongefestival\/"},"modified":"2025-03-21T08:50:30","modified_gmt":"2025-03-21T07:50:30","slug":"wikingermarkt-und-sagenkoenigfest","status":"publish","type":"post","link":"https:\/\/sagnlandet.dk\/de\/blog\/2021\/09\/23\/wikingermarkt-und-sagenkoenigfest\/","title":{"rendered":"Wikingermarkt und Sagenk\u00f6nigfest"},"content":{"rendered":"\n<div class=\"wp-block-cover\"><span aria-hidden=\"true\" class=\"wp-block-cover__background has-background-dim\" style=\"background-color:#9b9997\"><\/span><img decoding=\"async\" class=\"wp-block-cover__image-background wp-image-1870\" alt=\"\" src=\"https:\/\/sagnlandet.dk\/wp-content\/uploads\/2025\/02\/kongehal-13-juli-2021-02-scaled-1.jpg\" data-object-fit=\"cover\"\/><div class=\"wp-block-cover__inner-container is-layout-constrained wp-block-cover-is-layout-constrained\">\n<h1 class=\"wp-block-heading has-text-align-center has-color-bg-color has-text-color has-link-color has-large-font-size wp-elements-277cd6c69dac4baef2489ba5d7d0b33d\">Wikingermarkt und Fest des legend\u00e4ren K\u00f6nigs<\/h1>\n<\/div><\/div>\n\n\n\n<hr class=\"wp-block-separator has-alpha-channel-opacity\"\/>\n\n\n<div class=\"wp-block-post-date\"><time datetime=\"2021-09-23T09:36:00+02:00\">23. September 2021<\/time><\/div>\n\n\n<hr class=\"wp-block-separator has-alpha-channel-opacity\"\/>\n\n\n\n<h4 class=\"wp-block-heading\">Jeden Tag w\u00e4hrend der Herbstferien!<\/h4>\n\n\n\n<p><strong>Begegnen Sie H\u00e4ndlern, Kriegern und Handwerkern, wenn Lejre Land of Legends Sie zum Wikinger-Markt und zum Fest der legend\u00e4ren K\u00f6nige in Kongehallen einl\u00e4dt.<\/strong><\/p>\n\n\n\n<p>Lasst euch den Wind um die Nase wehen, den Duft von Lagerfeuern in die Nase steigen und erkundet die Welt der Wikinger und eisenzeitlichen Krieger, wenn Lejre Land of Legends eine neue Tradition begr\u00fcndet und die T\u00fcren zum Wikingermarkt und zum Fest der legend\u00e4ren K\u00f6nige in der pr\u00e4chtigen Methalle des K\u00f6nigs \u00f6ffnet. Lassen Sie sich mit Ihren Sinnen in die Anf\u00e4nge der Wikingerzeit zur\u00fcckversetzen, in eine Zeit, in der sich eisenzeitliche Kriegerh\u00e4uptlinge zum ersten Mal um eine gemeinsame k\u00f6nigliche Macht scharten, und in der Mut, kriegerische F\u00e4higkeiten, Diplomatie und &#8211; vielleicht am wichtigsten &#8211; Gro\u00dfz\u00fcgigkeit und Geschenke aus glitzerndem Gold die eisenzeitliche Gesellschaft ver\u00e4nderten.<\/p>\n\n\n\n<p>Treten Sie ein in eine Welt, in der Macht durch pr\u00e4chtige Hallen, gl\u00e4nzende Waffen und eine F\u00fclle von Handelswaren aus nah und fern demonstriert wurde. Erforschen Sie die H\u00e4ndler der Wikinger, die alles von Schmuck bis zu Waffen feilbieten. Begegnen Sie den Bronzegie\u00dfern, Holzhandwerkern und Kriegern in ihren glitzernden R\u00fcstungen. Besuchen Sie den K\u00f6nigssaal und lassen Sie sich von den Baumeistern der damaligen Zeit beeindrucken. Nehmen Sie auf den B\u00e4nken am gro\u00dfen, langen Feuer Platz und lauschen Sie den Geschichten \u00fcber K\u00f6nige und Heldentaten aus den \u00e4ltesten Sagen und Legenden oder lassen Sie sich vom Klang der Blaseb\u00e4lge und Hammerschl\u00e4ge in das strohgedeckte Grubenhaus ziehen, wo der Schmied am neuen Speer des K\u00f6nigs arbeitet.<\/p>\n\n\n\n<p><strong><a href=\"https:\/\/www.sagnlandet.dk\/dagsprogram\">Lesen Sie mehr und sehen Sie sich das vollst\u00e4ndige Tagesprogramm f\u00fcr den Tag an, den Sie in den Herbstferien besuchen m\u00f6chten.<\/a> <\/strong><em>(Das Tagesprogramm wird im Laufe der Woche 39 aktualisiert. Denken Sie daran, den Monat und das Datum im Kalender auszuw\u00e4hlen)<\/em><\/p>\n\n\n\n<figure class=\"wp-block-gallery has-nested-images columns-default is-cropped wp-block-gallery-1 is-layout-flex wp-block-gallery-is-layout-flex\">\n<figure class=\"wp-block-image size-large\"><img decoding=\"async\" data-id=\"1869\" src=\"https:\/\/sagnlandet.dk\/wp-content\/uploads\/2025\/02\/lucas-and-laurent-scaled-e1614090554399-600x338-1.jpg\" alt=\"\" class=\"wp-image-1869\"\/><\/figure>\n\n\n\n<figure class=\"wp-block-image size-large\"><img decoding=\"async\" data-id=\"1868\" src=\"https:\/\/sagnlandet.dk\/wp-content\/uploads\/2025\/02\/kongehal-16-juli-2021-14-300x263-1.jpg\" alt=\"\" class=\"wp-image-1868\"\/><\/figure>\n\n\n\n<figure class=\"wp-block-image size-large\"><img decoding=\"async\" data-id=\"1867\" src=\"https:\/\/sagnlandet.dk\/wp-content\/uploads\/2025\/02\/efteraarsferie-2017-26-300x251-1.jpg\" alt=\"\" class=\"wp-image-1867\"\/><\/figure>\n\n\n\n<figure class=\"wp-block-image size-large\"><img decoding=\"async\" data-id=\"1860\" src=\"https:\/\/sagnlandet.dk\/wp-content\/uploads\/2025\/02\/vikingetraef-13-juli-2017-35-scaled-1-2-1920x1204.jpg\" alt=\"\" class=\"wp-image-1860\"\/><\/figure>\n\n\n\n<figure class=\"wp-block-image size-large\"><img decoding=\"async\" data-id=\"1866\" src=\"https:\/\/sagnlandet.dk\/wp-content\/uploads\/2025\/02\/smykker-28-juni-2019-26-253x300-1-1.jpg\" alt=\"\" class=\"wp-image-1866\"\/><\/figure>\n\n\n\n<figure class=\"wp-block-image size-large\"><img decoding=\"async\" data-id=\"1865\" src=\"https:\/\/sagnlandet.dk\/wp-content\/uploads\/2025\/02\/smykker-28-juni-2019-21-193x300-1-1.jpg\" alt=\"\" class=\"wp-image-1865\"\/><\/figure>\n\n\n\n<figure class=\"wp-block-image size-large\"><img decoding=\"async\" data-id=\"1859\" src=\"https:\/\/sagnlandet.dk\/wp-content\/uploads\/2025\/02\/vikingetraef-13-juli-2017-48-1320x953-1-1.jpg\" alt=\"\" class=\"wp-image-1859\"\/><\/figure>\n<\/figure>\n\n\n\r\n\r\n<section class=\"standout-section standout-block standout-basic alignwide\">\r\n\r\n\t<div class=\"standout-max-container\">\t\r\n\r\n<div class=\"standout-block-inner\">\r\n\t\r\n\t\t\t\t\t\t<div class=\"acf-innerblocks-container\">\n\r\n\r\n<section class=\"standout-section standout-block standout-columns alignwide column-gap-s\" style=\"--columns: 2; --column-span: 1; --element-alignment: flex-start;\" data-columns=\"2\">\r\n\r\n\t<div class=\"standout-max-container\">\t\r\n\r\n<div class=\"standout-block-inner\">\r\n\t\t\t<div class=\"acf-innerblocks-container\">\n\r\n\r\n<section class=\"standout-block standout-column-element rounded-bg wp-elements-c1eb31bc8051528b61361157b0007e95 has-bg has-bg-color has-text-color\" style=\"background-color: var(--wp--preset--color--color-2); color: #ffffff;\">\r\n\r\n\t<div class=\"standout-max-container\">\t\r\n\r\n<div class=\"standout-block-inner\">\r\n\t\t\r\n\t\t\t<div class=\"acf-innerblocks-container\">\n\n<h3 class=\"wp-block-heading has-h-4-font-size\"><a>Die letzte Eisenzeit und die erste Wikingerzeit<\/a><\/h3>\n\n\n\n<p style=\"font-size:14px\"><a>W\u00e4hrend der Herbstferien konzentriert sich Lejre Land of Legends auf die Zeit von 536 bis 1050. Diese Zeitspanne umfasst den letzten Teil der Eisenzeit &#8211; das, was die Arch\u00e4ologen als fr\u00fche germanische Eisenzeit bezeichnen &#8211; und die gesamte Wikingerzeit.<br>Es war eine Zeit gro\u00dfer Ver\u00e4nderungen, in der die Gesellschaft nicht mehr aus kleinen D\u00f6rfern mit jeweils einem eigenen H\u00e4uptling bestand, sondern sich unter F\u00fcrsten und K\u00f6nigen versammelte und in der die Macht sowohl stark als auch verletzlich war. Es war eine Zeit, in der Barden in gro\u00dfen Met-Hallen spielten und Geschichten erz\u00e4hlten, und in der viele der Legenden und Sagen, die mittelalterliche Schriftsteller f\u00fcr die Nachwelt bewahrt haben, ihre Wurzeln haben.<br>Das Ende der Eisenzeit ist die Zeit, in der der Grundstein f\u00fcr das gelegt wurde, was wir heute die Wikingerzeit nennen. Es ist eine Zeit, die durch eine so schreckliche Klimakatastrophe gekennzeichnet ist, dass man heute glaubt, sie habe die Wikinger zu ihrer Vorstellung vom Fimbul-Winter inspiriert, dem Vorspiel zu Ragnar\u00f6k und dem Ende der Welt. Und es ist eine Zeit, in der sich eine beeindruckende und grandiose Kriegeraristokratie herausbildet. Dies sind die Kriegerst\u00e4mme, aus denen die wikingerzeitliche Gesellschaft hervorging, und sie sind der Grund daf\u00fcr, dass wir zu Beginn der Wikingerzeit zum ersten Mal so etwas wie eine echte k\u00f6nigliche Macht in Teilen des heutigen<\/a> D\u00e4nemarks<a>sehen<\/a>.<\/p>\n\n<\/div>\r\n\t<\/div>\r\n\r\n\r\n\r\n\t\t<\/div>\r\n<\/section>\n\n\r\n\r\n<section class=\"standout-block standout-column-element rounded-bg\" style=\"--row-span: 4;\" data-row-span=\"4\">\r\n\r\n\t<div class=\"standout-max-container\">\t\r\n\r\n<div class=\"standout-block-inner\">\r\n\t\t\r\n\t\t\t<div class=\"acf-innerblocks-container\">\n\r\n\r\n<section class=\"standout-section standout-block standout-basic alignwide align-content-bottom has-bg has-bg-img\">\r\n\r\n\t<div class=\"standout-max-container\">\t\r\n\r\n<div class=\"standout-block-inner\">\r\n\t\r\n\t\t\t\t\t\t<div class=\"acf-innerblocks-container\">\n\n<h6 class=\"wp-block-heading has-color-bg-color has-text-color has-link-color wp-elements-ab1394b2732cbb2c2e2da78565601f0a\">Kaufen Sie ein Ticket und besuchen Sie uns in den Herbstferien!<\/h6>\n\n<\/div>\r\n\t\t\t\r\n\t<\/div>\r\n\r\n\r\n\r\n\t\t<\/div>\r\n<\/section>\n<\/div>\r\n\t<\/div>\r\n\r\n\r\n\r\n\t\t<\/div>\r\n<\/section>\n<\/div>\r\n\t<\/div>\r\n\r\n\r\n\r\n\t\t<\/div>\r\n<\/section>\n<\/div>\r\n\t\t\t\r\n\t<\/div>\r\n\r\n\r\n\r\n\t\t<\/div>\r\n<\/section>\n\n\r\n\r\n<section class=\"standout-section standout-block standout-basic alignwide\">\r\n\r\n\t<div class=\"standout-max-container\">\t\r\n\r\n<div class=\"standout-block-inner\">\r\n\t\r\n\t\t\t\t\t\t<div class=\"acf-innerblocks-container\">\n\r\n\r\n<section class=\"standout-section standout-block standout-columns alignwide column-gap-s\" style=\"--columns: 2; --column-span: 1; --element-alignment: flex-start;\" data-columns=\"2\">\r\n\r\n\t<div class=\"standout-max-container\">\t\r\n\r\n<div class=\"standout-block-inner\">\r\n\t\t\t<div class=\"acf-innerblocks-container\">\n\r\n\r\n<section class=\"standout-block standout-column-element rounded-bg wp-elements-3ed1abaf260490e58e62bd2714c66b94 has-bg has-bg-color has-text-color\" style=\"background-color: var(--wp--preset--color--color-2); color: #ffffff;\">\r\n\r\n\t<div class=\"standout-max-container\">\t\r\n\r\n<div class=\"standout-block-inner\">\r\n\t\t\r\n\t\t\t<div class=\"acf-innerblocks-container\">\n\n<h3 class=\"wp-block-heading has-h-4-font-size\">Faszinierender Fund erz\u00e4hlt eine wahre Geschichte<\/h3>\n\n\n\n<p>Auf einem wundersch\u00f6nen H\u00fcgel im Lejre Land of Legends liegt die nachgebaute Version des gr\u00f6\u00dften bekannten K\u00f6nigssaals aus der Wikingerzeit in D\u00e4nemark. Die \u00dcberreste des urspr\u00fcnglichen Geb\u00e4udes wurden weniger als drei Kilometer von Lejre Land of Legends entfernt auf einem Feld in der Ortschaft Gl ausgegraben. Lejre. Hier hatten Arch\u00e4ologen bereits mehrfach die \u00dcberreste einer beeindruckenden Siedlung ausgegraben, die von der Eisenzeit bis weit in die Wikingerzeit reichte.<\/p>\n\n\n\n<p>Im Jahr 2009 tauchten die \u00dcberreste des gr\u00f6\u00dften wikingerzeitlichen Hauses D\u00e4nemarks aus dem Schutt auf. Mit knapp \u00fcber 60 Metern von Giebel zu Giebel war die Halle etwa so lang wie ein modernes Fu\u00dfballfeld breit ist, und mit ihren Reihen gro\u00dfer, dicker Pfosten konnte die Struktur ein Geb\u00e4ude mit einer Deckenh\u00f6he von \u00fcber 10 Metern tragen. Mit einer Fl\u00e4che von \u00fcber 600 m2 ist die Gro\u00dfe K\u00f6nigshalle ein einzigartiges Zeugnis f\u00fcr den H\u00f6hepunkt der nordischen Architektur und Handwerkskunst in der Wikingerzeit.<\/p>\n\n\n\n<p>Der riesige K\u00f6nigssaal und die vielen anderen beeindruckenden Funde aus der Eisenzeit und der Wikingerzeit zeigen, dass Gl. Lejre zu seiner Zeit eine ganz besondere Stellung einnahm. Vielleicht sogar als Sitz der obersten Gesellschaft zu einer Zeit, als D\u00e4nemark an der Schwelle zur Wikingerzeit und zur k\u00f6niglichen Macht stand.<\/p>\n\n\n\n<p>Auch in Sagen, Legenden und anderen schriftlichen Quellen hat die Bedeutung von Lejre ihre Spuren hinterlassen. Der Ort wird oft mit der legend\u00e4ren K\u00f6nigsfamilie der Skjoldungs in Verbindung gebracht, zu der laut Sage und Legende die K\u00f6nige Skjold, Roar, Helge, Rolf Krake, Ragnar Lodbrog und Harald Hildetand geh\u00f6rten. Geschichten, die an sich schon Mythen sind, die aber zusammen mit den arch\u00e4ologischen Funden von der Bedeutung von Lejre in der Eisen- und Wikingerzeit zeugen.<\/p>\n\n\n\n<p>Der nachgebaute K\u00f6nigssaal ist Teil der rekonstruierten Wikingerumgebung im Lejre Land of Legends. Eine nachgebaute Umgebung, die mit der K\u00f6nigshalle als Herzst\u00fcck des Gebietes mit spannenden Aktivit\u00e4ten und Erlebnissen f\u00fcr die ganze Familie gef\u00fcllt sein wird.<\/p>\n\n\n\n<p style=\"font-size:14px\">Wir freuen uns darauf, Sie auf eine Zeitreise in die Anf\u00e4nge der Wikingerzeit mitzunehmen!<\/p>\n\n<\/div>\r\n\t<\/div>\r\n\r\n\r\n\r\n\t\t<\/div>\r\n<\/section>\n\n\r\n\r\n<section class=\"standout-block standout-column-element rounded-bg\" style=\"--row-span: 4;\" data-row-span=\"4\">\r\n\r\n\t<div class=\"standout-max-container\">\t\r\n\r\n<div class=\"standout-block-inner\">\r\n\t\t\r\n\t\t\t<div class=\"acf-innerblocks-container\">\n\r\n\r\n<section class=\"standout-section standout-block standout-basic alignwide align-content-bottom has-bg has-bg-img\">\r\n\r\n\t<div class=\"standout-max-container\">\t\r\n\r\n<div class=\"standout-block-inner\">\r\n\t\r\n\t\t\t\t\t\t<div class=\"acf-innerblocks-container\">\n\n<h6 class=\"wp-block-heading has-color-bg-color has-text-color has-link-color wp-elements-bc5d8a4969e2023351982e253d6f6328\">D\u00e4nemarks gr\u00f6\u00dfte Wikingerhalle<\/h6>\n\n<\/div>\r\n\t\t\t\r\n\t<\/div>\r\n\r\n\r\n\r\n\t\t<\/div>\r\n<\/section>\n<\/div>\r\n\t<\/div>\r\n\r\n\r\n\r\n\t\t<\/div>\r\n<\/section>\n<\/div>\r\n\t<\/div>\r\n\r\n\r\n\r\n\t\t<\/div>\r\n<\/section>\n<\/div>\r\n\t\t\t\r\n\t<\/div>\r\n\r\n\r\n\r\n\t\t<\/div>\r\n<\/section>\n\n\n<p><\/p>\n\n\n\n<div class=\"wp-block-group is-layout-constrained wp-block-group-is-layout-constrained\">\n<hr class=\"wp-block-separator has-alpha-channel-opacity\"\/>\n\n\n\n<p>Lesen Sie mehr im Archiv f\u00fcr Inhalte und Neuigkeiten: <\/p>\n\n\n\n<div class=\"wp-block-columns is-layout-flex wp-container-core-columns-is-layout-2 wp-block-columns-is-layout-flex\">\n<div class=\"wp-block-column is-layout-flow wp-block-column-is-layout-flow\"><div class=\"taxonomy-post_tag wp-block-post-terms\"><span class=\"wp-block-post-terms__prefix\">Tags: <\/span><a href=\"https:\/\/sagnlandet.dk\/de\/blog\/tag\/covid\/\" rel=\"tag\">COVID<\/a><span class=\"wp-block-post-terms__separator\">, <\/span><a href=\"https:\/\/sagnlandet.dk\/de\/blog\/tag\/wikingerzeit\/\" rel=\"tag\">Wikingerzeit<\/a><\/div>\n\n\n<hr class=\"wp-block-separator has-alpha-channel-opacity\"\/>\n\n\n<div class=\"taxonomy-category wp-block-post-terms\"><span class=\"wp-block-post-terms__prefix\">Kategorier: <\/span><a href=\"https:\/\/sagnlandet.dk\/de\/blog\/category\/nachrichten-und-ereignisse\/\" rel=\"tag\">Nachrichten und Ereignisse<\/a><span class=\"wp-block-post-terms__separator\">, <\/span><a href=\"https:\/\/sagnlandet.dk\/de\/blog\/category\/wikinger\/\" rel=\"tag\">Wikinger<\/a><\/div><\/div>\n\n\n\n<div class=\"wp-block-column is-layout-flow wp-block-column-is-layout-flow\"><div class=\"wp-block-archives-dropdown wp-block-archives\"><label for=\"wp-block-archives-2\" class=\"wp-block-archives__label\">Archiv<\/label>\n\t\t<select id=\"wp-block-archives-2\" name=\"archive-dropdown\" onchange=\"document.location.href=this.options[this.selectedIndex].value;\">\n\t\t<option value=\"\">Monat ausw\u00e4hlen<\/option>\t<option value='https:\/\/sagnlandet.dk\/de\/blog\/2023\/12\/'> Dezember 2023 &nbsp;(1)<\/option>\n\t<option value='https:\/\/sagnlandet.dk\/de\/blog\/2022\/11\/'> November 2022 &nbsp;(1)<\/option>\n\t<option value='https:\/\/sagnlandet.dk\/de\/blog\/2022\/10\/'> Oktober 2022 &nbsp;(1)<\/option>\n\t<option value='https:\/\/sagnlandet.dk\/de\/blog\/2021\/09\/'> September 2021 &nbsp;(1)<\/option>\n\t<option value='https:\/\/sagnlandet.dk\/de\/blog\/2021\/07\/'> Juli 2021 &nbsp;(1)<\/option>\n\t<option value='https:\/\/sagnlandet.dk\/de\/blog\/2020\/09\/'> September 2020 &nbsp;(1)<\/option>\n\t<option value='https:\/\/sagnlandet.dk\/de\/blog\/2020\/08\/'> August 2020 &nbsp;(2)<\/option>\n\t<option value='https:\/\/sagnlandet.dk\/de\/blog\/2020\/06\/'> Juni 2020 &nbsp;(2)<\/option>\n\t<option value='https:\/\/sagnlandet.dk\/de\/blog\/2020\/01\/'> Januar 2020 &nbsp;(1)<\/option>\n\t<option value='https:\/\/sagnlandet.dk\/de\/blog\/2019\/10\/'> Oktober 2019 &nbsp;(1)<\/option>\n\t<option value='https:\/\/sagnlandet.dk\/de\/blog\/2017\/05\/'> Mai 2017 &nbsp;(1)<\/option>\n\t<option value='https:\/\/sagnlandet.dk\/de\/blog\/2016\/10\/'> Oktober 2016 &nbsp;(1)<\/option>\n<\/select><\/div>\n\n\n<div class=\"wp-block-group is-layout-constrained wp-block-group-is-layout-constrained\">\n<div class=\"wp-block-columns is-layout-flex wp-container-core-columns-is-layout-1 wp-block-columns-is-layout-flex\">\n<div class=\"wp-block-column is-layout-flow wp-block-column-is-layout-flow\" style=\"flex-basis:100%\">\n<div class=\"wp-block-group is-layout-constrained wp-block-group-is-layout-constrained\"><ul class=\"wp-block-latest-posts__list is-grid columns-2 has-dates wp-block-latest-posts\"><li><div class=\"wp-block-latest-posts__featured-image alignleft\"><a href=\"https:\/\/sagnlandet.dk\/de\/blog\/2023\/12\/15\/die-zukunft-des-experimentierens-vom-experiment-zu-neuen-archaeologischen-erkenntnissen\/\" aria-label=\"Die Zukunft des Experimentierens: Vom Experiment zu neuen arch\u00e4ologischen Erkenntnissen\"><img loading=\"lazy\" decoding=\"async\" width=\"300\" height=\"300\" src=\"https:\/\/sagnlandet.dk\/de\/wp-content\/uploads\/sites\/13\/2025\/02\/kongehal-med-personer-lille-1920x593-1-1-1-1-300x300.png\" class=\"attachment-thumbnail size-thumbnail wp-post-image\" alt=\"\" style=\"max-width:50px;max-height:50px;\" srcset=\"https:\/\/sagnlandet.dk\/de\/wp-content\/uploads\/sites\/13\/2025\/02\/kongehal-med-personer-lille-1920x593-1-1-1-1-300x300.png 300w, https:\/\/sagnlandet.dk\/de\/wp-content\/uploads\/sites\/13\/2025\/02\/kongehal-med-personer-lille-1920x593-1-1-1-1-100x100.png 100w\" sizes=\"(max-width: 300px) 100vw, 300px\" \/><\/a><\/div><a class=\"wp-block-latest-posts__post-title\" href=\"https:\/\/sagnlandet.dk\/de\/blog\/2023\/12\/15\/die-zukunft-des-experimentierens-vom-experiment-zu-neuen-archaeologischen-erkenntnissen\/\">Die Zukunft des Experimentierens: Vom Experiment zu neuen arch\u00e4ologischen Erkenntnissen<\/a><time datetime=\"2023-12-15T09:39:00+01:00\" class=\"wp-block-latest-posts__post-date\">15. Dezember 2023<\/time><div class=\"wp-block-latest-posts__post-excerpt\">Lejre Land of Legends l\u00e4dt Sie zu einem Forschungsseminar mit dem Titel &#8220;Die Zukunft des Experimentierens&#8221; ein.<\/div><\/li>\n<li><div class=\"wp-block-latest-posts__featured-image alignleft\"><a href=\"https:\/\/sagnlandet.dk\/de\/blog\/2022\/11\/22\/feiern-sie-weihnachten-mit-dem-alten-volk-von-lejre-land-der-legenden\/\" aria-label=\"Feiern Sie Weihnachten mit dem alten Volk von Lejre &#8211; Land der Legenden\"><img loading=\"lazy\" decoding=\"async\" width=\"300\" height=\"300\" src=\"https:\/\/sagnlandet.dk\/de\/wp-content\/uploads\/sites\/13\/2025\/02\/skabelon-coverbillede-facebook-stor-1-1-1-300x300.png\" class=\"attachment-thumbnail size-thumbnail wp-post-image\" alt=\"\" style=\"max-width:50px;max-height:50px;\" srcset=\"https:\/\/sagnlandet.dk\/de\/wp-content\/uploads\/sites\/13\/2025\/02\/skabelon-coverbillede-facebook-stor-1-1-1-300x300.png 300w, https:\/\/sagnlandet.dk\/de\/wp-content\/uploads\/sites\/13\/2025\/02\/skabelon-coverbillede-facebook-stor-1-1-1-100x100.png 100w\" sizes=\"(max-width: 300px) 100vw, 300px\" \/><\/a><\/div><a class=\"wp-block-latest-posts__post-title\" href=\"https:\/\/sagnlandet.dk\/de\/blog\/2022\/11\/22\/feiern-sie-weihnachten-mit-dem-alten-volk-von-lejre-land-der-legenden\/\">Feiern Sie Weihnachten mit dem alten Volk von Lejre &#8211; Land der Legenden<\/a><time datetime=\"2022-11-22T10:06:00+01:00\" class=\"wp-block-latest-posts__post-date\">22. November 2022<\/time><div class=\"wp-block-latest-posts__post-excerpt\">Feiern Sie Weihnachten mit dem alten Volk von Lejre &#8211; Land der Legenden Besuchen Sie uns dieses Weihnachten &#8211; bringen Sie einen g\u00fcltigen Corona-Pass und eine Gesichtsmaske mit &#8211; Sie\u2026\u00a0<a class=\"wp-block-latest-posts__read-more\" href=\"https:\/\/sagnlandet.dk\/de\/blog\/2022\/11\/22\/feiern-sie-weihnachten-mit-dem-alten-volk-von-lejre-land-der-legenden\/\" rel=\"noopener noreferrer\"><span class=\"screen-reader-text\">Feiern Sie Weihnachten mit dem alten Volk von Lejre &#8211; Land der Legenden <\/span>weiterlesen<\/a><\/div><\/li>\n<\/ul><\/div>\n<\/div>\n<\/div>\n<\/div>\n<\/div>\n<\/div>\n<\/div>\n","protected":false},"excerpt":{"rendered":"<p>Jeden Tag w\u00e4hrend der Herbstferien! Begegnen Sie H\u00e4ndlern, Kriegern und Handwerkern, wenn Lejre Land of Legends Sie zum Wikinger-Markt und zum Fest der legend\u00e4ren K\u00f6nige in Kongehallen einl\u00e4dt. Lasst euch den Wind um die Nase wehen, den Duft von Lagerfeuern in die Nase steigen und erkundet die Welt der Wikinger und eisenzeitlichen Krieger, wenn Lejre [&hellip;]<\/p>\n","protected":false},"author":1569,"featured_media":71042,"comment_status":"open","ping_status":"open","sticky":false,"template":"","format":"standard","meta":{"_acf_changed":false,"footnotes":""},"categories":[648,641],"tags":[657,661],"class_list":["post-70305","post","type-post","status-publish","format-standard","has-post-thumbnail","hentry","category-nachrichten-und-ereignisse","category-wikinger","tag-covid","tag-wikingerzeit"],"acf":[],"yoast_head":"<!-- This site is optimized with the Yoast SEO plugin v23.5 - https:\/\/yoast.com\/wordpress\/plugins\/seo\/ -->\n<title>Wikingermarkt und Sagenk\u00f6nigfest - Sagnlandet Lejre<\/title>\n<meta name=\"robots\" content=\"index, follow, max-snippet:-1, max-image-preview:large, max-video-preview:-1\" \/>\n<link rel=\"canonical\" href=\"https:\/\/sagnlandet.dk\/de\/blog\/2021\/09\/23\/wikingermarkt-und-sagenkoenigfest\/\" \/>\n<meta property=\"og:locale\" content=\"de_DE\" \/>\n<meta property=\"og:type\" content=\"article\" \/>\n<meta property=\"og:title\" content=\"Wikingermarkt und Sagenk\u00f6nigfest - Sagnlandet Lejre\" \/>\n<meta property=\"og:description\" content=\"Jeden Tag w\u00e4hrend der Herbstferien! Begegnen Sie H\u00e4ndlern, Kriegern und Handwerkern, wenn Lejre Land of Legends Sie zum Wikinger-Markt und zum Fest der legend\u00e4ren K\u00f6nige in Kongehallen einl\u00e4dt. Lasst euch den Wind um die Nase wehen, den Duft von Lagerfeuern in die Nase steigen und erkundet die Welt der Wikinger und eisenzeitlichen Krieger, wenn Lejre [&hellip;]\" \/>\n<meta property=\"og:url\" content=\"https:\/\/sagnlandet.dk\/de\/blog\/2021\/09\/23\/wikingermarkt-und-sagenkoenigfest\/\" \/>\n<meta property=\"og:site_name\" content=\"Sagnlandet Lejre\" \/>\n<meta property=\"article:published_time\" content=\"2021-09-23T07:36:00+00:00\" \/>\n<meta property=\"article:modified_time\" content=\"2025-03-21T07:50:30+00:00\" \/>\n<meta property=\"og:image\" content=\"https:\/\/sagnlandet.dk\/de\/wp-content\/uploads\/sites\/13\/2025\/02\/kongehal-13-juli-2021-02-scaled-1-1-1-1.jpg\" \/>\n\t<meta property=\"og:image:width\" content=\"2560\" \/>\n\t<meta property=\"og:image:height\" content=\"1487\" \/>\n\t<meta property=\"og:image:type\" content=\"image\/jpeg\" \/>\n<meta name=\"author\" content=\"Christine Roederer\" \/>\n<meta name=\"twitter:card\" content=\"summary_large_image\" \/>\n<meta name=\"twitter:label1\" content=\"Verfasst von\" \/>\n\t<meta name=\"twitter:data1\" content=\"Christine Roederer\" \/>\n\t<meta name=\"twitter:label2\" content=\"Gesch\u00e4tzte Lesezeit\" \/>\n\t<meta name=\"twitter:data2\" content=\"7\u00a0Minuten\" \/>\n<!-- \/ Yoast SEO plugin. -->","yoast_head_json":{"title":"Wikingermarkt und Sagenk\u00f6nigfest - Sagnlandet Lejre","robots":{"index":"index","follow":"follow","max-snippet":"max-snippet:-1","max-image-preview":"max-image-preview:large","max-video-preview":"max-video-preview:-1"},"canonical":"https:\/\/sagnlandet.dk\/de\/blog\/2021\/09\/23\/wikingermarkt-und-sagenkoenigfest\/","og_locale":"de_DE","og_type":"article","og_title":"Wikingermarkt und Sagenk\u00f6nigfest - Sagnlandet Lejre","og_description":"Jeden Tag w\u00e4hrend der Herbstferien! Begegnen Sie H\u00e4ndlern, Kriegern und Handwerkern, wenn Lejre Land of Legends Sie zum Wikinger-Markt und zum Fest der legend\u00e4ren K\u00f6nige in Kongehallen einl\u00e4dt. Lasst euch den Wind um die Nase wehen, den Duft von Lagerfeuern in die Nase steigen und erkundet die Welt der Wikinger und eisenzeitlichen Krieger, wenn Lejre [&hellip;]","og_url":"https:\/\/sagnlandet.dk\/de\/blog\/2021\/09\/23\/wikingermarkt-und-sagenkoenigfest\/","og_site_name":"Sagnlandet Lejre","article_published_time":"2021-09-23T07:36:00+00:00","article_modified_time":"2025-03-21T07:50:30+00:00","og_image":[{"width":2560,"height":1487,"url":"https:\/\/sagnlandet.dk\/de\/wp-content\/uploads\/sites\/13\/2025\/02\/kongehal-13-juli-2021-02-scaled-1-1-1-1.jpg","type":"image\/jpeg"}],"author":"Christine Roederer","twitter_card":"summary_large_image","twitter_misc":{"Verfasst von":"Christine Roederer","Gesch\u00e4tzte Lesezeit":"7\u00a0Minuten"},"schema":{"@context":"https:\/\/schema.org","@graph":[{"@type":"Article","@id":"https:\/\/sagnlandet.dk\/de\/blog\/2021\/09\/23\/wikingermarkt-und-sagenkoenigfest\/#article","isPartOf":{"@id":"https:\/\/sagnlandet.dk\/de\/blog\/2021\/09\/23\/wikingermarkt-und-sagenkoenigfest\/"},"author":{"name":"Christine Roederer","@id":"https:\/\/sagnlandet.dk\/de\/#\/schema\/person\/5b56a163bff00be5a1c49ffbddc5f68e"},"headline":"Wikingermarkt und Sagenk\u00f6nigfest","datePublished":"2021-09-23T07:36:00+00:00","dateModified":"2025-03-21T07:50:30+00:00","mainEntityOfPage":{"@id":"https:\/\/sagnlandet.dk\/de\/blog\/2021\/09\/23\/wikingermarkt-und-sagenkoenigfest\/"},"wordCount":959,"commentCount":0,"publisher":{"@id":"https:\/\/sagnlandet.dk\/de\/#organization"},"image":{"@id":"https:\/\/sagnlandet.dk\/de\/blog\/2021\/09\/23\/wikingermarkt-und-sagenkoenigfest\/#primaryimage"},"thumbnailUrl":"https:\/\/sagnlandet.dk\/de\/wp-content\/uploads\/sites\/13\/2025\/02\/kongehal-13-juli-2021-02-scaled-1-1-1-1.jpg","keywords":["COVID","Wikingerzeit"],"articleSection":["Nachrichten und Ereignisse","Wikinger"],"inLanguage":"de","potentialAction":[{"@type":"CommentAction","name":"Comment","target":["https:\/\/sagnlandet.dk\/de\/blog\/2021\/09\/23\/wikingermarkt-und-sagenkoenigfest\/#respond"]}]},{"@type":"WebPage","@id":"https:\/\/sagnlandet.dk\/de\/blog\/2021\/09\/23\/wikingermarkt-und-sagenkoenigfest\/","url":"https:\/\/sagnlandet.dk\/de\/blog\/2021\/09\/23\/wikingermarkt-und-sagenkoenigfest\/","name":"Wikingermarkt und Sagenk\u00f6nigfest - Sagnlandet Lejre","isPartOf":{"@id":"https:\/\/sagnlandet.dk\/de\/#website"},"primaryImageOfPage":{"@id":"https:\/\/sagnlandet.dk\/de\/blog\/2021\/09\/23\/wikingermarkt-und-sagenkoenigfest\/#primaryimage"},"image":{"@id":"https:\/\/sagnlandet.dk\/de\/blog\/2021\/09\/23\/wikingermarkt-und-sagenkoenigfest\/#primaryimage"},"thumbnailUrl":"https:\/\/sagnlandet.dk\/de\/wp-content\/uploads\/sites\/13\/2025\/02\/kongehal-13-juli-2021-02-scaled-1-1-1-1.jpg","datePublished":"2021-09-23T07:36:00+00:00","dateModified":"2025-03-21T07:50:30+00:00","breadcrumb":{"@id":"https:\/\/sagnlandet.dk\/de\/blog\/2021\/09\/23\/wikingermarkt-und-sagenkoenigfest\/#breadcrumb"},"inLanguage":"de","potentialAction":[{"@type":"ReadAction","target":["https:\/\/sagnlandet.dk\/de\/blog\/2021\/09\/23\/wikingermarkt-und-sagenkoenigfest\/"]}]},{"@type":"ImageObject","inLanguage":"de","@id":"https:\/\/sagnlandet.dk\/de\/blog\/2021\/09\/23\/wikingermarkt-und-sagenkoenigfest\/#primaryimage","url":"https:\/\/sagnlandet.dk\/de\/wp-content\/uploads\/sites\/13\/2025\/02\/kongehal-13-juli-2021-02-scaled-1-1-1-1.jpg","contentUrl":"https:\/\/sagnlandet.dk\/de\/wp-content\/uploads\/sites\/13\/2025\/02\/kongehal-13-juli-2021-02-scaled-1-1-1-1.jpg","width":2560,"height":1487},{"@type":"BreadcrumbList","@id":"https:\/\/sagnlandet.dk\/de\/blog\/2021\/09\/23\/wikingermarkt-und-sagenkoenigfest\/#breadcrumb","itemListElement":[{"@type":"ListItem","position":1,"name":"Hjem","item":"https:\/\/sagnlandet.dk\/de\/"},{"@type":"ListItem","position":2,"name":"Wikingermarkt und Sagenk\u00f6nigfest"}]},{"@type":"WebSite","@id":"https:\/\/sagnlandet.dk\/de\/#website","url":"https:\/\/sagnlandet.dk\/de\/","name":"Sagnlandet Lejre","description":"","publisher":{"@id":"https:\/\/sagnlandet.dk\/de\/#organization"},"potentialAction":[{"@type":"SearchAction","target":{"@type":"EntryPoint","urlTemplate":"https:\/\/sagnlandet.dk\/de\/?s={search_term_string}"},"query-input":{"@type":"PropertyValueSpecification","valueRequired":true,"valueName":"search_term_string"}}],"inLanguage":"de"},{"@type":"Organization","@id":"https:\/\/sagnlandet.dk\/de\/#organization","name":"Sagnlandet Lejre","url":"https:\/\/sagnlandet.dk\/de\/","logo":{"@type":"ImageObject","inLanguage":"de","@id":"https:\/\/sagnlandet.dk\/de\/#\/schema\/logo\/image\/","url":"https:\/\/sagnlandet.dk\/de\/wp-content\/uploads\/sites\/13\/1738\/65\/logo.png","contentUrl":"https:\/\/sagnlandet.dk\/de\/wp-content\/uploads\/sites\/13\/1738\/65\/logo.png","width":398,"height":143,"caption":"Sagnlandet Lejre"},"image":{"@id":"https:\/\/sagnlandet.dk\/de\/#\/schema\/logo\/image\/"}},{"@type":"Person","@id":"https:\/\/sagnlandet.dk\/de\/#\/schema\/person\/5b56a163bff00be5a1c49ffbddc5f68e","name":"Christine Roederer","image":{"@type":"ImageObject","inLanguage":"de","@id":"https:\/\/sagnlandet.dk\/de\/#\/schema\/person\/image\/","url":"https:\/\/secure.gravatar.com\/avatar\/289c008dee6585bbf4161ecff12b7e8a?s=96&d=mm&r=g","contentUrl":"https:\/\/secure.gravatar.com\/avatar\/289c008dee6585bbf4161ecff12b7e8a?s=96&d=mm&r=g","caption":"Christine Roederer"},"sameAs":["http:\/\/sagnlandet.dk"],"url":"https:\/\/sagnlandet.dk\/de\/blog\/author\/christine-roederer\/"}]}},"_links":{"self":[{"href":"https:\/\/sagnlandet.dk\/de\/wp-json\/wp\/v2\/posts\/70305"}],"collection":[{"href":"https:\/\/sagnlandet.dk\/de\/wp-json\/wp\/v2\/posts"}],"about":[{"href":"https:\/\/sagnlandet.dk\/de\/wp-json\/wp\/v2\/types\/post"}],"author":[{"embeddable":true,"href":"https:\/\/sagnlandet.dk\/de\/wp-json\/wp\/v2\/users\/1569"}],"replies":[{"embeddable":true,"href":"https:\/\/sagnlandet.dk\/de\/wp-json\/wp\/v2\/comments?post=70305"}],"version-history":[{"count":3,"href":"https:\/\/sagnlandet.dk\/de\/wp-json\/wp\/v2\/posts\/70305\/revisions"}],"predecessor-version":[{"id":71134,"href":"https:\/\/sagnlandet.dk\/de\/wp-json\/wp\/v2\/posts\/70305\/revisions\/71134"}],"wp:featuredmedia":[{"embeddable":true,"href":"https:\/\/sagnlandet.dk\/de\/wp-json\/wp\/v2\/media\/71042"}],"wp:attachment":[{"href":"https:\/\/sagnlandet.dk\/de\/wp-json\/wp\/v2\/media?parent=70305"}],"wp:term":[{"taxonomy":"category","embeddable":true,"href":"https:\/\/sagnlandet.dk\/de\/wp-json\/wp\/v2\/categories?post=70305"},{"taxonomy":"post_tag","embeddable":true,"href":"https:\/\/sagnlandet.dk\/de\/wp-json\/wp\/v2\/tags?post=70305"}],"curies":[{"name":"wp","href":"https:\/\/api.w.org\/{rel}","templated":true}]}}