{"id":70301,"date":"2021-07-06T09:17:00","date_gmt":"2021-07-06T07:17:00","guid":{"rendered":"https:\/\/sagnlandet.dk\/vikingemarked-i-sagnlandet-lejre\/"},"modified":"2025-02-24T07:09:59","modified_gmt":"2025-02-24T06:09:59","slug":"wikingermarkt-in-sagnlandet-lejre","status":"publish","type":"post","link":"https:\/\/sagnlandet.dk\/de\/blog\/2021\/07\/06\/wikingermarkt-in-sagnlandet-lejre\/","title":{"rendered":"Wikingermarkt in Sagnlandet Lejre"},"content":{"rendered":"\n<div class=\"wp-block-cover is-light\"><span aria-hidden=\"true\" class=\"wp-block-cover__background has-background-dim\" style=\"background-color:#9b9997\"><\/span><img decoding=\"async\" class=\"wp-block-cover__image-background wp-image-1860\" alt=\"\" src=\"https:\/\/sagnlandet.dk\/wp-content\/uploads\/2025\/02\/vikingetraef-13-juli-2017-35-scaled-1.jpg\" data-object-fit=\"cover\"\/><div class=\"wp-block-cover__inner-container is-layout-constrained wp-block-cover-is-layout-constrained\">\n<h1 class=\"wp-block-heading has-text-align-center has-color-bg-color has-text-color has-link-color has-large-font-size wp-elements-fb3ce0f7e72fb062bc99ff963db78f6f\">Wikingermarkt in Lejre Land der Legenden<\/h1>\n<\/div><\/div>\n\n\n\n<hr class=\"wp-block-separator has-alpha-channel-opacity\"\/>\n\n\n<div class=\"wp-block-post-date\"><time datetime=\"2021-07-06T09:17:00+02:00\">6. Juli 2021<\/time><\/div>\n\n\n<hr class=\"wp-block-separator has-alpha-channel-opacity\"\/>\n\n\n\n<h4 class=\"wp-block-heading\">Der Wikingermarkt in Sagnlandet Lejre findet von Montag, 12. Juli, bis Freitag, 16. Juli 2021, statt.<\/h4>\n\n\n\r\n\r\n<section class=\"standout-section standout-block standout-basic alignwide\">\r\n\r\n\t<div class=\"standout-max-container\">\t\r\n\r\n<div class=\"standout-block-inner\">\r\n\t\r\n\t\t\t\t\t\t<div class=\"acf-innerblocks-container\">\n\r\n\r\n<section class=\"standout-section standout-block standout-columns alignwide column-gap-s\" style=\"--columns: 2; --column-span: 1; --element-alignment: flex-start;\" data-columns=\"2\">\r\n\r\n\t<div class=\"standout-max-container\">\t\r\n\r\n<div class=\"standout-block-inner\">\r\n\t\t\t<div class=\"acf-innerblocks-container\">\n\r\n\r\n<section class=\"standout-block standout-column-element rounded-bg wp-elements-4dcd5e2b2486a99e734b7b8ac5cc5a6d has-bg has-bg-color has-text-color\" style=\"background-color: var(--wp--preset--color--color-2); color: #ffffff;\">\r\n\r\n\t<div class=\"standout-max-container\">\t\r\n\r\n<div class=\"standout-block-inner\">\r\n\t\t\r\n\t\t\t<div class=\"acf-innerblocks-container\">\n\n<h3 class=\"wp-block-heading has-h-4-font-size\">Ein Wikingermarkt, der etwas Besonderes bietet<\/h3>\n\n\n\n<p>Schon von weitem sind die Zelte zu sehen. In der Luft liegt der Geruch von Lagerfeuern. Die Sonnenstrahlen w\u00e4rmen den Nacken. Ravnebjerg verwandelt sich in einen Marktplatz, und Sie haben endlich die St\u00e4nde erreicht &#8211; die Reise war lang. So weit, dass Sie bis zum Beginn der Wikingerzeit zur\u00fcckgereist sind &#8211; Sie stehen im Schatten der riesigen K\u00f6nigshalle, die hoch oben auf dem H\u00fcgel im Lejre Land of Legends thront. Sie ist nicht zu \u00fcbersehen &#8211; Sie sind genau da, wo Sie sein m\u00fcssen.<\/p>\n\n\n\n<p style=\"font-size:14px\">Auf dem Weg nach Ravnebjerg sto\u00dfen Sie auf weitere Zelte mit St\u00e4nden und l\u00e4chelnden Gesichtern: Reisende sind von nah und fern gekommen, um ihre Waren und ihr Wissen anzubieten. Es ist f\u00fcr jeden etwas dabei &#8211; kleine, skurrile Schmuckst\u00fccke, gro\u00dfe Geschichten und Kunsthandwerk, das beeindruckt.<\/p>\n\n<\/div>\r\n\t<\/div>\r\n\r\n\r\n\r\n\t\t<\/div>\r\n<\/section>\n\n\r\n\r\n<section class=\"standout-block standout-column-element rounded-bg\">\r\n\r\n\t<div class=\"standout-max-container\">\t\r\n\r\n<div class=\"standout-block-inner\">\r\n\t\t\r\n\t\t\t<div class=\"acf-innerblocks-container\">\n\r\n\r\n<section class=\"standout-section standout-block standout-basic alignwide align-content-bottom has-bg has-bg-img\">\r\n\r\n\t<div class=\"standout-max-container\">\t\r\n\r\n<div class=\"standout-block-inner\">\r\n\t\r\n\t\t\t\t\t\t<div class=\"acf-innerblocks-container\">\n\n<h6 class=\"wp-block-heading has-color-bg-color has-text-color has-link-color wp-elements-94ca7f51cdca2aef532434fe94396a5e\">Erleben Sie den Marktplatz vor dem Ravnebjerg<\/h6>\n\n<\/div>\r\n\t\t\t\r\n\t<\/div>\r\n\r\n\r\n\r\n\t\t<\/div>\r\n<\/section>\n<\/div>\r\n\t<\/div>\r\n\r\n\r\n\r\n\t\t<\/div>\r\n<\/section>\n<\/div>\r\n\t<\/div>\r\n\r\n\r\n\r\n\t\t<\/div>\r\n<\/section>\n<\/div>\r\n\t\t\t\r\n\t<\/div>\r\n\r\n\r\n\r\n\t\t<\/div>\r\n<\/section>\n\n\r\n\r\n<section class=\"standout-section standout-block standout-basic alignwide\">\r\n\r\n\t<div class=\"standout-max-container\">\t\r\n\r\n<div class=\"standout-block-inner\">\r\n\t\r\n\t\t\t\t\t\t<div class=\"acf-innerblocks-container\">\n\r\n\r\n<section class=\"standout-section standout-block standout-columns alignwide column-gap-s\" style=\"--columns: 2; --column-span: 1; --element-alignment: flex-start;\" data-columns=\"2\">\r\n\r\n\t<div class=\"standout-max-container\">\t\r\n\r\n<div class=\"standout-block-inner\">\r\n\t\t\t<div class=\"acf-innerblocks-container\">\n\r\n\r\n<section class=\"standout-block standout-column-element rounded-bg wp-elements-71a1d9fc6fbfd5ec69e61d1d48d0cd5f has-bg has-bg-color has-text-color\" style=\"background-color: var(--wp--preset--color--color-2); color: #ffffff;\">\r\n\r\n\t<div class=\"standout-max-container\">\t\r\n\r\n<div class=\"standout-block-inner\">\r\n\t\t\r\n\t\t\t<div class=\"acf-innerblocks-container\">\n\n<h3 class=\"wp-block-heading has-h-4-font-size\">Das Tribunal: wo Recht und Gesetz herrschen<\/h3>\n\n\n\n<p>Von Montag, dem 12. Juli, bis Freitag, dem 16. Juli, findet in Ravnebjerg um 12:00 Uhr das Ting statt. Tinget, vom altnordischen Wort &#8220;\u00feing&#8221;, ist die Versammlung des Volkes, in der die Wikinger Recht und Ordnung festlegten.<\/p>\n\n\n\n<p style=\"font-size:14px\">Bei Ihrem Besuch in Ravnebjerg k\u00f6nnen Sie miterleben, wie die Wikinger Streitigkeiten und Spannungen unter den Dorfbewohnern schlichten. In der Wikingerzeit war der Ting ein wichtiger Rahmen f\u00fcr die Aufrechterhaltung von Recht und Frieden &#8211; und das Wort &#8220;Ting&#8221; taucht immer noch im Parlament und im Gemeinderat auf. Es war eine M\u00f6glichkeit, eine Volksherrschaft einzuf\u00fchren, so dass verschiedene Streitigkeiten in einem neutralen Umfeld beigelegt wurden. Dadurch wurden Gewalt und Blut vermieden &#8211; meistens!<\/p>\n\n<\/div>\r\n\t<\/div>\r\n\r\n\r\n\r\n\t\t<\/div>\r\n<\/section>\n\n\r\n\r\n<section class=\"standout-block standout-column-element rounded-bg\">\r\n\r\n\t<div class=\"standout-max-container\">\t\r\n\r\n<div class=\"standout-block-inner\">\r\n\t\t\r\n\t\t\t<div class=\"acf-innerblocks-container\">\n\r\n\r\n<section class=\"standout-section standout-block standout-basic alignwide align-content-bottom has-bg has-bg-img\">\r\n\r\n\t<div class=\"standout-max-container\">\t\r\n\r\n<div class=\"standout-block-inner\">\r\n\t\r\n\t\t\t\t\t\t<div class=\"acf-innerblocks-container\">\n\n<h6 class=\"wp-block-heading has-color-bg-color has-text-color has-link-color wp-elements-5ba0901936c2d471c44ced22514cb42d\">Erlebnis Tinget, Ravnebjergs Gericht<\/h6>\n\n<\/div>\r\n\t\t\t\r\n\t<\/div>\r\n\r\n\r\n\r\n\t\t<\/div>\r\n<\/section>\n<\/div>\r\n\t<\/div>\r\n\r\n\r\n\r\n\t\t<\/div>\r\n<\/section>\n<\/div>\r\n\t<\/div>\r\n\r\n\r\n\r\n\t\t<\/div>\r\n<\/section>\n<\/div>\r\n\t\t\t\r\n\t<\/div>\r\n\r\n\r\n\r\n\t\t<\/div>\r\n<\/section>\n\n\n<p><\/p>\n\n\n\n<div class=\"wp-block-group is-layout-constrained wp-block-group-is-layout-constrained\">\n<hr class=\"wp-block-separator has-alpha-channel-opacity\"\/>\n\n\n\n<p>Lesen Sie mehr im Archiv f\u00fcr Inhalte und Neuigkeiten: <\/p>\n\n\n\n<div class=\"wp-block-columns is-layout-flex wp-container-core-columns-is-layout-2 wp-block-columns-is-layout-flex\">\n<div class=\"wp-block-column is-layout-flow wp-block-column-is-layout-flow\"><div class=\"taxonomy-post_tag wp-block-post-terms\"><span class=\"wp-block-post-terms__prefix\">Tags: <\/span><a href=\"https:\/\/sagnlandet.dk\/de\/blog\/tag\/wikingerzeit\/\" rel=\"tag\">Wikingerzeit<\/a><\/div>\n\n\n<hr class=\"wp-block-separator has-alpha-channel-opacity\"\/>\n\n\n<div class=\"taxonomy-category wp-block-post-terms\"><span class=\"wp-block-post-terms__prefix\">Kategorier: <\/span><a href=\"https:\/\/sagnlandet.dk\/de\/blog\/category\/nachrichten-und-ereignisse\/\" rel=\"tag\">Nachrichten und Ereignisse<\/a><span class=\"wp-block-post-terms__separator\">, <\/span><a href=\"https:\/\/sagnlandet.dk\/de\/blog\/category\/wikinger\/\" rel=\"tag\">Wikinger<\/a><\/div><\/div>\n\n\n\n<div class=\"wp-block-column is-layout-flow wp-block-column-is-layout-flow\"><div class=\"wp-block-archives-dropdown wp-block-archives\"><label for=\"wp-block-archives-1\" class=\"wp-block-archives__label\">Archiv<\/label>\n\t\t<select id=\"wp-block-archives-1\" name=\"archive-dropdown\" onchange=\"document.location.href=this.options[this.selectedIndex].value;\">\n\t\t<option value=\"\">Monat ausw\u00e4hlen<\/option>\t<option value='https:\/\/sagnlandet.dk\/de\/blog\/2023\/12\/'> Dezember 2023 &nbsp;(1)<\/option>\n\t<option value='https:\/\/sagnlandet.dk\/de\/blog\/2022\/11\/'> November 2022 &nbsp;(1)<\/option>\n\t<option value='https:\/\/sagnlandet.dk\/de\/blog\/2022\/10\/'> Oktober 2022 &nbsp;(1)<\/option>\n\t<option value='https:\/\/sagnlandet.dk\/de\/blog\/2021\/09\/'> September 2021 &nbsp;(1)<\/option>\n\t<option value='https:\/\/sagnlandet.dk\/de\/blog\/2021\/07\/'> Juli 2021 &nbsp;(1)<\/option>\n\t<option value='https:\/\/sagnlandet.dk\/de\/blog\/2020\/09\/'> September 2020 &nbsp;(1)<\/option>\n\t<option value='https:\/\/sagnlandet.dk\/de\/blog\/2020\/08\/'> August 2020 &nbsp;(2)<\/option>\n\t<option value='https:\/\/sagnlandet.dk\/de\/blog\/2020\/06\/'> Juni 2020 &nbsp;(2)<\/option>\n\t<option value='https:\/\/sagnlandet.dk\/de\/blog\/2020\/01\/'> Januar 2020 &nbsp;(1)<\/option>\n\t<option value='https:\/\/sagnlandet.dk\/de\/blog\/2019\/10\/'> Oktober 2019 &nbsp;(1)<\/option>\n\t<option value='https:\/\/sagnlandet.dk\/de\/blog\/2017\/05\/'> Mai 2017 &nbsp;(1)<\/option>\n\t<option value='https:\/\/sagnlandet.dk\/de\/blog\/2016\/10\/'> Oktober 2016 &nbsp;(1)<\/option>\n<\/select><\/div>\n\n\n<div class=\"wp-block-group is-layout-constrained wp-block-group-is-layout-constrained\">\n<div class=\"wp-block-columns is-layout-flex wp-container-core-columns-is-layout-1 wp-block-columns-is-layout-flex\">\n<div class=\"wp-block-column is-layout-flow wp-block-column-is-layout-flow\" style=\"flex-basis:100%\">\n<div class=\"wp-block-group is-layout-constrained wp-block-group-is-layout-constrained\"><ul class=\"wp-block-latest-posts__list is-grid columns-2 has-dates wp-block-latest-posts\"><li><div class=\"wp-block-latest-posts__featured-image alignleft\"><a href=\"https:\/\/sagnlandet.dk\/de\/blog\/2023\/12\/15\/die-zukunft-des-experimentierens-vom-experiment-zu-neuen-archaeologischen-erkenntnissen\/\" aria-label=\"Die Zukunft des Experimentierens: Vom Experiment zu neuen arch\u00e4ologischen Erkenntnissen\"><img loading=\"lazy\" decoding=\"async\" width=\"300\" height=\"300\" src=\"https:\/\/sagnlandet.dk\/de\/wp-content\/uploads\/sites\/13\/2025\/02\/kongehal-med-personer-lille-1920x593-1-1-1-1-300x300.png\" class=\"attachment-thumbnail size-thumbnail wp-post-image\" alt=\"\" style=\"max-width:50px;max-height:50px;\" srcset=\"https:\/\/sagnlandet.dk\/de\/wp-content\/uploads\/sites\/13\/2025\/02\/kongehal-med-personer-lille-1920x593-1-1-1-1-300x300.png 300w, https:\/\/sagnlandet.dk\/de\/wp-content\/uploads\/sites\/13\/2025\/02\/kongehal-med-personer-lille-1920x593-1-1-1-1-100x100.png 100w\" sizes=\"(max-width: 300px) 100vw, 300px\" \/><\/a><\/div><a class=\"wp-block-latest-posts__post-title\" href=\"https:\/\/sagnlandet.dk\/de\/blog\/2023\/12\/15\/die-zukunft-des-experimentierens-vom-experiment-zu-neuen-archaeologischen-erkenntnissen\/\">Die Zukunft des Experimentierens: Vom Experiment zu neuen arch\u00e4ologischen Erkenntnissen<\/a><time datetime=\"2023-12-15T09:39:00+01:00\" class=\"wp-block-latest-posts__post-date\">15. Dezember 2023<\/time><div class=\"wp-block-latest-posts__post-excerpt\">Lejre Land of Legends l\u00e4dt Sie zu einem Forschungsseminar mit dem Titel &#8220;Die Zukunft des Experimentierens&#8221; ein.<\/div><\/li>\n<li><div class=\"wp-block-latest-posts__featured-image alignleft\"><a href=\"https:\/\/sagnlandet.dk\/de\/blog\/2022\/11\/22\/feiern-sie-weihnachten-mit-dem-alten-volk-von-lejre-land-der-legenden\/\" aria-label=\"Feiern Sie Weihnachten mit dem alten Volk von Lejre &#8211; Land der Legenden\"><img loading=\"lazy\" decoding=\"async\" width=\"300\" height=\"300\" src=\"https:\/\/sagnlandet.dk\/de\/wp-content\/uploads\/sites\/13\/2025\/02\/skabelon-coverbillede-facebook-stor-1-1-1-300x300.png\" class=\"attachment-thumbnail size-thumbnail wp-post-image\" alt=\"\" style=\"max-width:50px;max-height:50px;\" srcset=\"https:\/\/sagnlandet.dk\/de\/wp-content\/uploads\/sites\/13\/2025\/02\/skabelon-coverbillede-facebook-stor-1-1-1-300x300.png 300w, https:\/\/sagnlandet.dk\/de\/wp-content\/uploads\/sites\/13\/2025\/02\/skabelon-coverbillede-facebook-stor-1-1-1-100x100.png 100w\" sizes=\"(max-width: 300px) 100vw, 300px\" \/><\/a><\/div><a class=\"wp-block-latest-posts__post-title\" href=\"https:\/\/sagnlandet.dk\/de\/blog\/2022\/11\/22\/feiern-sie-weihnachten-mit-dem-alten-volk-von-lejre-land-der-legenden\/\">Feiern Sie Weihnachten mit dem alten Volk von Lejre &#8211; Land der Legenden<\/a><time datetime=\"2022-11-22T10:06:00+01:00\" class=\"wp-block-latest-posts__post-date\">22. November 2022<\/time><div class=\"wp-block-latest-posts__post-excerpt\">Feiern Sie Weihnachten mit dem alten Volk von Lejre &#8211; Land der Legenden Besuchen Sie uns dieses Weihnachten &#8211; bringen Sie einen g\u00fcltigen Corona-Pass und eine Gesichtsmaske mit &#8211; Sie\u2026\u00a0<a class=\"wp-block-latest-posts__read-more\" href=\"https:\/\/sagnlandet.dk\/de\/blog\/2022\/11\/22\/feiern-sie-weihnachten-mit-dem-alten-volk-von-lejre-land-der-legenden\/\" rel=\"noopener noreferrer\"><span class=\"screen-reader-text\">Feiern Sie Weihnachten mit dem alten Volk von Lejre &#8211; Land der Legenden <\/span>weiterlesen<\/a><\/div><\/li>\n<\/ul><\/div>\n<\/div>\n<\/div>\n<\/div>\n<\/div>\n<\/div>\n<\/div>\n","protected":false},"excerpt":{"rendered":"<p>Der Wikingermarkt in Sagnlandet Lejre findet von Montag, 12. Juli, bis Freitag, 16. Juli 2021, statt. Lesen Sie mehr im Archiv f\u00fcr Inhalte und Neuigkeiten:<\/p>\n","protected":false},"author":1569,"featured_media":71043,"comment_status":"open","ping_status":"open","sticky":false,"template":"","format":"standard","meta":{"_acf_changed":false,"footnotes":""},"categories":[648,641],"tags":[661],"class_list":["post-70301","post","type-post","status-publish","format-standard","has-post-thumbnail","hentry","category-nachrichten-und-ereignisse","category-wikinger","tag-wikingerzeit"],"acf":[],"yoast_head":"<!-- This site is optimized with the Yoast SEO plugin v23.5 - https:\/\/yoast.com\/wordpress\/plugins\/seo\/ -->\n<title>Wikingermarkt in Sagnlandet Lejre - Sagnlandet Lejre<\/title>\n<meta name=\"robots\" content=\"index, follow, max-snippet:-1, max-image-preview:large, max-video-preview:-1\" \/>\n<link rel=\"canonical\" href=\"https:\/\/sagnlandet.dk\/de\/blog\/2021\/07\/06\/wikingermarkt-in-sagnlandet-lejre\/\" \/>\n<meta property=\"og:locale\" content=\"de_DE\" \/>\n<meta property=\"og:type\" content=\"article\" \/>\n<meta property=\"og:title\" content=\"Wikingermarkt in Sagnlandet Lejre - Sagnlandet Lejre\" \/>\n<meta property=\"og:description\" content=\"Der Wikingermarkt in Sagnlandet Lejre findet von Montag, 12. Juli, bis Freitag, 16. Juli 2021, statt. Lesen Sie mehr im Archiv f\u00fcr Inhalte und Neuigkeiten:\" \/>\n<meta property=\"og:url\" content=\"https:\/\/sagnlandet.dk\/de\/blog\/2021\/07\/06\/wikingermarkt-in-sagnlandet-lejre\/\" \/>\n<meta property=\"og:site_name\" content=\"Sagnlandet Lejre\" \/>\n<meta property=\"article:published_time\" content=\"2021-07-06T07:17:00+00:00\" \/>\n<meta property=\"article:modified_time\" content=\"2025-02-24T06:09:59+00:00\" \/>\n<meta property=\"og:image\" content=\"https:\/\/sagnlandet.dk\/de\/wp-content\/uploads\/sites\/13\/2025\/02\/vikingetraef-13-juli-2017-35-scaled-1-1-1.jpg\" \/>\n\t<meta property=\"og:image:width\" content=\"2560\" \/>\n\t<meta property=\"og:image:height\" content=\"1605\" \/>\n\t<meta property=\"og:image:type\" content=\"image\/jpeg\" \/>\n<meta name=\"author\" content=\"Christine Roederer\" \/>\n<meta name=\"twitter:card\" content=\"summary_large_image\" \/>\n<meta name=\"twitter:label1\" content=\"Verfasst von\" \/>\n\t<meta name=\"twitter:data1\" content=\"Christine Roederer\" \/>\n\t<meta name=\"twitter:label2\" content=\"Gesch\u00e4tzte Lesezeit\" \/>\n\t<meta name=\"twitter:data2\" content=\"2\u00a0Minuten\" \/>\n<!-- \/ Yoast SEO plugin. -->","yoast_head_json":{"title":"Wikingermarkt in Sagnlandet Lejre - Sagnlandet Lejre","robots":{"index":"index","follow":"follow","max-snippet":"max-snippet:-1","max-image-preview":"max-image-preview:large","max-video-preview":"max-video-preview:-1"},"canonical":"https:\/\/sagnlandet.dk\/de\/blog\/2021\/07\/06\/wikingermarkt-in-sagnlandet-lejre\/","og_locale":"de_DE","og_type":"article","og_title":"Wikingermarkt in Sagnlandet Lejre - Sagnlandet Lejre","og_description":"Der Wikingermarkt in Sagnlandet Lejre findet von Montag, 12. Juli, bis Freitag, 16. Juli 2021, statt. Lesen Sie mehr im Archiv f\u00fcr Inhalte und Neuigkeiten:","og_url":"https:\/\/sagnlandet.dk\/de\/blog\/2021\/07\/06\/wikingermarkt-in-sagnlandet-lejre\/","og_site_name":"Sagnlandet Lejre","article_published_time":"2021-07-06T07:17:00+00:00","article_modified_time":"2025-02-24T06:09:59+00:00","og_image":[{"width":2560,"height":1605,"url":"https:\/\/sagnlandet.dk\/de\/wp-content\/uploads\/sites\/13\/2025\/02\/vikingetraef-13-juli-2017-35-scaled-1-1-1.jpg","type":"image\/jpeg"}],"author":"Christine Roederer","twitter_card":"summary_large_image","twitter_misc":{"Verfasst von":"Christine Roederer","Gesch\u00e4tzte Lesezeit":"2\u00a0Minuten"},"schema":{"@context":"https:\/\/schema.org","@graph":[{"@type":"Article","@id":"https:\/\/sagnlandet.dk\/de\/blog\/2021\/07\/06\/wikingermarkt-in-sagnlandet-lejre\/#article","isPartOf":{"@id":"https:\/\/sagnlandet.dk\/de\/blog\/2021\/07\/06\/wikingermarkt-in-sagnlandet-lejre\/"},"author":{"name":"Christine Roederer","@id":"https:\/\/sagnlandet.dk\/de\/#\/schema\/person\/5b56a163bff00be5a1c49ffbddc5f68e"},"headline":"Wikingermarkt in Sagnlandet Lejre","datePublished":"2021-07-06T07:17:00+00:00","dateModified":"2025-02-24T06:09:59+00:00","mainEntityOfPage":{"@id":"https:\/\/sagnlandet.dk\/de\/blog\/2021\/07\/06\/wikingermarkt-in-sagnlandet-lejre\/"},"wordCount":309,"commentCount":0,"publisher":{"@id":"https:\/\/sagnlandet.dk\/de\/#organization"},"image":{"@id":"https:\/\/sagnlandet.dk\/de\/blog\/2021\/07\/06\/wikingermarkt-in-sagnlandet-lejre\/#primaryimage"},"thumbnailUrl":"https:\/\/sagnlandet.dk\/de\/wp-content\/uploads\/sites\/13\/2025\/02\/vikingetraef-13-juli-2017-35-scaled-1-1-1-1.jpg","keywords":["Wikingerzeit"],"articleSection":["Nachrichten und Ereignisse","Wikinger"],"inLanguage":"de","potentialAction":[{"@type":"CommentAction","name":"Comment","target":["https:\/\/sagnlandet.dk\/de\/blog\/2021\/07\/06\/wikingermarkt-in-sagnlandet-lejre\/#respond"]}]},{"@type":"WebPage","@id":"https:\/\/sagnlandet.dk\/de\/blog\/2021\/07\/06\/wikingermarkt-in-sagnlandet-lejre\/","url":"https:\/\/sagnlandet.dk\/de\/blog\/2021\/07\/06\/wikingermarkt-in-sagnlandet-lejre\/","name":"Wikingermarkt in Sagnlandet Lejre - Sagnlandet Lejre","isPartOf":{"@id":"https:\/\/sagnlandet.dk\/de\/#website"},"primaryImageOfPage":{"@id":"https:\/\/sagnlandet.dk\/de\/blog\/2021\/07\/06\/wikingermarkt-in-sagnlandet-lejre\/#primaryimage"},"image":{"@id":"https:\/\/sagnlandet.dk\/de\/blog\/2021\/07\/06\/wikingermarkt-in-sagnlandet-lejre\/#primaryimage"},"thumbnailUrl":"https:\/\/sagnlandet.dk\/de\/wp-content\/uploads\/sites\/13\/2025\/02\/vikingetraef-13-juli-2017-35-scaled-1-1-1-1.jpg","datePublished":"2021-07-06T07:17:00+00:00","dateModified":"2025-02-24T06:09:59+00:00","breadcrumb":{"@id":"https:\/\/sagnlandet.dk\/de\/blog\/2021\/07\/06\/wikingermarkt-in-sagnlandet-lejre\/#breadcrumb"},"inLanguage":"de","potentialAction":[{"@type":"ReadAction","target":["https:\/\/sagnlandet.dk\/de\/blog\/2021\/07\/06\/wikingermarkt-in-sagnlandet-lejre\/"]}]},{"@type":"ImageObject","inLanguage":"de","@id":"https:\/\/sagnlandet.dk\/de\/blog\/2021\/07\/06\/wikingermarkt-in-sagnlandet-lejre\/#primaryimage","url":"https:\/\/sagnlandet.dk\/de\/wp-content\/uploads\/sites\/13\/2025\/02\/vikingetraef-13-juli-2017-35-scaled-1-1-1-1.jpg","contentUrl":"https:\/\/sagnlandet.dk\/de\/wp-content\/uploads\/sites\/13\/2025\/02\/vikingetraef-13-juli-2017-35-scaled-1-1-1-1.jpg","width":2560,"height":1605},{"@type":"BreadcrumbList","@id":"https:\/\/sagnlandet.dk\/de\/blog\/2021\/07\/06\/wikingermarkt-in-sagnlandet-lejre\/#breadcrumb","itemListElement":[{"@type":"ListItem","position":1,"name":"Hjem","item":"https:\/\/sagnlandet.dk\/de\/"},{"@type":"ListItem","position":2,"name":"Viking market in Sagnlandet Lejre"}]},{"@type":"WebSite","@id":"https:\/\/sagnlandet.dk\/de\/#website","url":"https:\/\/sagnlandet.dk\/de\/","name":"Sagnlandet Lejre","description":"","publisher":{"@id":"https:\/\/sagnlandet.dk\/de\/#organization"},"potentialAction":[{"@type":"SearchAction","target":{"@type":"EntryPoint","urlTemplate":"https:\/\/sagnlandet.dk\/de\/?s={search_term_string}"},"query-input":{"@type":"PropertyValueSpecification","valueRequired":true,"valueName":"search_term_string"}}],"inLanguage":"de"},{"@type":"Organization","@id":"https:\/\/sagnlandet.dk\/de\/#organization","name":"Sagnlandet Lejre","url":"https:\/\/sagnlandet.dk\/de\/","logo":{"@type":"ImageObject","inLanguage":"de","@id":"https:\/\/sagnlandet.dk\/de\/#\/schema\/logo\/image\/","url":"https:\/\/sagnlandet.dk\/de\/wp-content\/uploads\/sites\/13\/1738\/65\/logo.png","contentUrl":"https:\/\/sagnlandet.dk\/de\/wp-content\/uploads\/sites\/13\/1738\/65\/logo.png","width":398,"height":143,"caption":"Sagnlandet Lejre"},"image":{"@id":"https:\/\/sagnlandet.dk\/de\/#\/schema\/logo\/image\/"}},{"@type":"Person","@id":"https:\/\/sagnlandet.dk\/de\/#\/schema\/person\/5b56a163bff00be5a1c49ffbddc5f68e","name":"Christine Roederer","image":{"@type":"ImageObject","inLanguage":"de","@id":"https:\/\/sagnlandet.dk\/de\/#\/schema\/person\/image\/","url":"https:\/\/secure.gravatar.com\/avatar\/289c008dee6585bbf4161ecff12b7e8a?s=96&d=mm&r=g","contentUrl":"https:\/\/secure.gravatar.com\/avatar\/289c008dee6585bbf4161ecff12b7e8a?s=96&d=mm&r=g","caption":"Christine Roederer"},"sameAs":["http:\/\/sagnlandet.dk"],"url":"https:\/\/sagnlandet.dk\/de\/blog\/author\/christine-roederer\/"}]}},"_links":{"self":[{"href":"https:\/\/sagnlandet.dk\/de\/wp-json\/wp\/v2\/posts\/70301"}],"collection":[{"href":"https:\/\/sagnlandet.dk\/de\/wp-json\/wp\/v2\/posts"}],"about":[{"href":"https:\/\/sagnlandet.dk\/de\/wp-json\/wp\/v2\/types\/post"}],"author":[{"embeddable":true,"href":"https:\/\/sagnlandet.dk\/de\/wp-json\/wp\/v2\/users\/1569"}],"replies":[{"embeddable":true,"href":"https:\/\/sagnlandet.dk\/de\/wp-json\/wp\/v2\/comments?post=70301"}],"version-history":[{"count":1,"href":"https:\/\/sagnlandet.dk\/de\/wp-json\/wp\/v2\/posts\/70301\/revisions"}],"predecessor-version":[{"id":70303,"href":"https:\/\/sagnlandet.dk\/de\/wp-json\/wp\/v2\/posts\/70301\/revisions\/70303"}],"wp:featuredmedia":[{"embeddable":true,"href":"https:\/\/sagnlandet.dk\/de\/wp-json\/wp\/v2\/media\/71043"}],"wp:attachment":[{"href":"https:\/\/sagnlandet.dk\/de\/wp-json\/wp\/v2\/media?parent=70301"}],"wp:term":[{"taxonomy":"category","embeddable":true,"href":"https:\/\/sagnlandet.dk\/de\/wp-json\/wp\/v2\/categories?post=70301"},{"taxonomy":"post_tag","embeddable":true,"href":"https:\/\/sagnlandet.dk\/de\/wp-json\/wp\/v2\/tags?post=70301"}],"curies":[{"name":"wp","href":"https:\/\/api.w.org\/{rel}","templated":true}]}}