{"id":70290,"date":"2022-11-22T10:06:00","date_gmt":"2022-11-22T09:06:00","guid":{"rendered":"https:\/\/sagnlandet.dk\/fejr-jul-og-jol-med-sagnlandet-lejres-fortidsfolk\/"},"modified":"2025-03-21T08:50:58","modified_gmt":"2025-03-21T07:50:58","slug":"feiern-sie-weihnachten-mit-dem-alten-volk-von-lejre-land-der-legenden","status":"publish","type":"post","link":"https:\/\/sagnlandet.dk\/de\/blog\/2022\/11\/22\/feiern-sie-weihnachten-mit-dem-alten-volk-von-lejre-land-der-legenden\/","title":{"rendered":"Feiern Sie Weihnachten mit dem alten Volk von Lejre &#8211; Land der Legenden"},"content":{"rendered":"\n<div class=\"wp-block-cover is-light\"><span aria-hidden=\"true\" class=\"wp-block-cover__background has-background-dim\" style=\"background-color:#9b9997\"><\/span><img decoding=\"async\" class=\"wp-block-cover__image-background wp-image-1848\" alt=\"\" src=\"https:\/\/sagnlandet.dk\/wp-content\/uploads\/2025\/02\/skabelon-coverbillede-facebook-stor.png\" data-object-fit=\"cover\"\/><div class=\"wp-block-cover__inner-container is-layout-constrained wp-block-cover-is-layout-constrained\">\n<h1 class=\"wp-block-heading has-text-align-center has-color-bg-color has-text-color has-link-color has-large-font-size wp-elements-491eb0890cb08635ba291a8bc9f7db77\">Feiern Sie Weihnachten mit dem alten Volk von Lejre &#8211; Land der Legenden<\/h1>\n<\/div><\/div>\n\n\n\n<hr class=\"wp-block-separator has-alpha-channel-opacity\"\/>\n\n\n<div class=\"wp-block-post-date\"><time datetime=\"2022-11-22T10:06:00+01:00\">22. November 2022<\/time><\/div>\n\n\n<hr class=\"wp-block-separator has-alpha-channel-opacity\"\/>\n\n\n\n<h4 class=\"wp-block-heading\">Feiern Sie Weihnachten mit dem alten Volk von Lejre &#8211; Land der Legenden<\/h4>\n\n\n\n<h6 class=\"wp-block-heading has-color-1-color has-text-color has-link-color wp-elements-af489d4163e0950dc9cc9bf7fc70ff25\"><strong><em>Besuchen Sie uns dieses Weihnachten &#8211; bringen Sie einen g\u00fcltigen Corona-Pass und eine Gesichtsmaske mit &#8211; Sie brauchen beides, um in den Laden zu kommen!<\/em><\/strong><\/h6>\n\n\n\n<h6 class=\"wp-block-heading has-text-align-right\">27.-28. November, 4.-5. November und 11.-12. Dezember<\/h6>\n\n\n\n<h5 class=\"wp-block-heading\">Lauschen Sie den Geschichten der Wikinger, werfen Sie einen standhaften Zinnsoldaten und nehmen Sie am Ratespiel um ein halbes Sagnlands-Wildschwein f\u00fcr die diesj\u00e4hrige Weihnachtstafel teil, wenn das Lejre Land der Legenden an den Weihnachtswochenenden f\u00fcr alle Altersgruppen seine T\u00fcren \u00f6ffnet.<\/h5>\n\n\n\n<p>Wenn das Winterwetter einsetzt und die Dunkelheit fr\u00fch hereinbricht, gibt es nur wenige Menschen, die keine gute Zeit brauchen. Das gilt heute, das galt im 19. Jahrhundert, wo viele der heutigen Weihnachtstraditionen ihren Ursprung haben, und das galt in der Wikingerzeit, als der Mittwinter viele Festtage bot.<\/p>\n\n\n\n<p>Wie das Fest von den Wikingern und den Bauern in der Vergangenheit gefeiert wurde und wie sich Weihnachten zu dem entwickelt hat, was wir heute kennen, k\u00f6nnen Sie erleben, wenn Lejre Land of Legends zum ersten Mal Weihnachten f\u00fcr alle Altersgruppen feiert und sich dabei sowohl auf Weihnachtsgeschichten aus der Kindheit der Ur-Ur-Ur-Gro\u00dfmutter als auch auf die Mitwinterfeste der Wikingerk\u00f6nige konzentriert.<\/p>\n\n\n\n<p><em>-In den vergangenen Jahren haben wir uns auf die Zeit um 1800 konzentriert, in der viele der uns heute bekannten Weihnachtstraditionen ihren Ursprung haben. Aber ab diesem Jahr erweitern wir das Weihnachtsfest im Lejre Land of Legends, wenn wir zum ersten Mal den K\u00f6nigssaal \u00f6ffnen<\/em>&#8220;, sagt die Arch\u00e4ologin und Kommunikationsmanagerin Tania Lousdal Jensen:<\/p>\n\n\n\n<p><em>-&#8220;Wir freuen uns sehr darauf, dies mit unseren G\u00e4sten zu teilen. Auch weil es tats\u00e4chlich F\u00e4den und Traditionen gibt, die sich von den heidnischen Mitwinterfesten der Wikingerzeit bis hin zu Weihnachten, wie wir es heute kennen, zur\u00fcckverfolgen lassen,<\/em> sagt sie und erkl\u00e4rt, dass einer davon im Namen &#8216;Weihnachten&#8217; selbst liegt, der von dem altnordischen Ausdruck &#8216;J\u00f3l trinken&#8217; stammt.<\/p>\n\n\n\n<p>Wie das zusammenh\u00e4ngt, was Drikke J\u00f3l bedeutet und wie wichtig es den Wikingern war, ein Weihnachtsfest mit so \u00fcppigen Speisen und Getr\u00e4nken zu feiern, dass es mit den heutigen Weihnachtsfeiern m\u00fchelos mithalten kann, sind nur einige der Dinge, \u00fcber die man h\u00f6ren kann, wenn Sagnlandet Lejre an drei aufeinander folgenden Wochenenden seine T\u00fcren \u00f6ffnet und Weihnachten im Stil des 19. Jahrhunderts und der Wikinger feiert.<\/p>\n\n\n\n<p>An allen drei Wochenenden ist das Programm vollgepackt wie ein gut gedeckter Weihnachtstisch, und Jung und Alt k\u00f6nnen sich in alles st\u00fcrzen: Zinnsoldaten gie\u00dfen und Bienenwachskerzen rollen, mit der ganzen Familie auf Elfenjagd gehen, in der K\u00f6nigshalle den Geschichten lauschen, sich in der neuen Schnitzwerkstatt im B\u00e5ldalen versuchen und die historischen Werkst\u00e4tten besuchen, in denen T\u00f6pfer, Pflanzenf\u00e4rber und Schmiede jede Menge Weihnachtshandwerk hergestellt haben.<\/p>\n\n\n\n<p>Zu den Weihnachtsfeierlichkeiten geh\u00f6rt auch die Enth\u00fcllung eines handwerklichen Schmuckst\u00fccks &#8211; eine neue Rekonstruktion eines ganz besonderen Wikingerfundes, die dazu beitragen wird, in der K\u00f6nigshalle Weihnachtsstimmung zu verbreiten, sowie ein eingebauter Ratespielwettbewerb, bei dem G\u00e4ste und Gratulanten die M\u00f6glichkeit haben, ein halbes Sagnlands-Wildschwein f\u00fcr den Weihnachtstisch zu gewinnen.<\/p>\n\n\n\n<p><strong><a href=\"https:\/\/www.sagnlandet.dk\/dagsprogram\">Lesen Sie mehr und sehen Sie sich das vollst\u00e4ndige Tagesprogramm f\u00fcr das von Ihnen geplante Weihnachtswochenende<\/a> <\/strong><em> an (w\u00e4hlen Sie den entsprechenden Monat und das Datum im Kalender)<\/em><\/p>\n\n\n\r\n\r\n<section class=\"standout-section standout-block standout-basic alignwide rounded-bg wp-elements-00f754ff40bb05d553a1475366092b99 has-bg has-bg-color has-text-color\" style=\"background-color: var(--wp--preset--color--color-text); color: #ffffff;\">\r\n\r\n\t<div class=\"standout-max-container\">\t\r\n\r\n<div class=\"standout-block-inner\">\r\n\t\r\n\t\t\t\t\t\t<div class=\"acf-innerblocks-container\">\n\n<h5 class=\"wp-block-heading has-text-align-center has-color-gul-color has-text-color has-link-color wp-elements-9da014fe9e721c2e6822a41773deeeb7\">Eintritt zu Weihnachten<\/h5>\n\n\n\n<hr class=\"wp-block-separator has-alpha-channel-opacity\"\/>\n\n\n\n<h6 class=\"wp-block-heading has-text-align-left\">Erwachsener (ab 12 Jahren)<\/h6>\n\n\n\n<p>65 DKK<\/p>\n\n\n\n<p><em>(gilt nicht f\u00fcr einen kostenlosen Gegenbesuch)<\/em><\/p>\n\n\n\n<h6 class=\"wp-block-heading\">Kind (3-11 Jahre)<\/h6>\n\n\n\n<p>45 DKK<\/p>\n\n\n\n<p><em>(L\u00f6st keinen kostenlosen Gegenbesuch aus)<\/em><\/p>\n\n\n\n<h6 class=\"wp-block-heading\">Baby (0-2 Jahre)<\/h6>\n\n\n\n<p>Kostenlos<\/p>\n\n\n\n<p class=\"aligncenter has-text-align-center\"><em>Haben Sie eine Jahreskarte f\u00fcr 2021 gekauft? Mit dieser Karte haben Sie zu Weihnachten freien Eintritt. <\/em><\/p>\n\n<\/div>\r\n\t\t\t\r\n\t<\/div>\r\n\r\n\r\n\r\n\t\t<\/div>\r\n<\/section>\n\n\n<p><\/p>\n\n\n\n<div class=\"wp-block-group is-layout-constrained wp-block-group-is-layout-constrained\">\n<hr class=\"wp-block-separator has-alpha-channel-opacity\"\/>\n\n\n\n<p>Lesen Sie mehr im Archiv f\u00fcr Inhalte und Neuigkeiten: <\/p>\n\n\n\n<div class=\"wp-block-columns is-layout-flex wp-container-core-columns-is-layout-2 wp-block-columns-is-layout-flex\">\n<div class=\"wp-block-column is-layout-flow wp-block-column-is-layout-flow\"><div class=\"taxonomy-post_tag wp-block-post-terms\"><span class=\"wp-block-post-terms__prefix\">Tags: <\/span><a href=\"https:\/\/sagnlandet.dk\/de\/blog\/tag\/covid\/\" rel=\"tag\">COVID<\/a><span class=\"wp-block-post-terms__separator\">, <\/span><a href=\"https:\/\/sagnlandet.dk\/de\/blog\/tag\/weihnachten\/\" rel=\"tag\">Weihnachten<\/a><\/div>\n\n\n<hr class=\"wp-block-separator has-alpha-channel-opacity\"\/>\n\n\n<div class=\"taxonomy-category wp-block-post-terms\"><span class=\"wp-block-post-terms__prefix\">Kategorier: <\/span><a href=\"https:\/\/sagnlandet.dk\/de\/blog\/category\/nachrichten-und-ereignisse\/juli\/\" rel=\"tag\">Juli<\/a><span class=\"wp-block-post-terms__separator\">, <\/span><a href=\"https:\/\/sagnlandet.dk\/de\/blog\/category\/nachrichten-und-ereignisse\/\" rel=\"tag\">Nachrichten und Ereignisse<\/a><\/div><\/div>\n\n\n\n<div class=\"wp-block-column is-layout-flow wp-block-column-is-layout-flow\"><div class=\"wp-block-archives-dropdown wp-block-archives\"><label for=\"wp-block-archives-1\" class=\"wp-block-archives__label\">Archiv<\/label>\n\t\t<select id=\"wp-block-archives-1\" name=\"archive-dropdown\" onchange=\"document.location.href=this.options[this.selectedIndex].value;\">\n\t\t<option value=\"\">Monat ausw\u00e4hlen<\/option>\t<option value='https:\/\/sagnlandet.dk\/de\/blog\/2023\/12\/'> Dezember 2023 &nbsp;(1)<\/option>\n\t<option value='https:\/\/sagnlandet.dk\/de\/blog\/2022\/11\/'> November 2022 &nbsp;(1)<\/option>\n\t<option value='https:\/\/sagnlandet.dk\/de\/blog\/2022\/10\/'> Oktober 2022 &nbsp;(1)<\/option>\n\t<option value='https:\/\/sagnlandet.dk\/de\/blog\/2021\/09\/'> September 2021 &nbsp;(1)<\/option>\n\t<option value='https:\/\/sagnlandet.dk\/de\/blog\/2021\/07\/'> Juli 2021 &nbsp;(1)<\/option>\n\t<option value='https:\/\/sagnlandet.dk\/de\/blog\/2020\/09\/'> September 2020 &nbsp;(1)<\/option>\n\t<option value='https:\/\/sagnlandet.dk\/de\/blog\/2020\/08\/'> August 2020 &nbsp;(2)<\/option>\n\t<option value='https:\/\/sagnlandet.dk\/de\/blog\/2020\/06\/'> Juni 2020 &nbsp;(2)<\/option>\n\t<option value='https:\/\/sagnlandet.dk\/de\/blog\/2020\/01\/'> Januar 2020 &nbsp;(1)<\/option>\n\t<option value='https:\/\/sagnlandet.dk\/de\/blog\/2019\/10\/'> Oktober 2019 &nbsp;(1)<\/option>\n\t<option value='https:\/\/sagnlandet.dk\/de\/blog\/2017\/05\/'> Mai 2017 &nbsp;(1)<\/option>\n\t<option value='https:\/\/sagnlandet.dk\/de\/blog\/2016\/10\/'> Oktober 2016 &nbsp;(1)<\/option>\n<\/select><\/div>\n\n\n<div class=\"wp-block-group is-layout-constrained wp-block-group-is-layout-constrained\">\n<div class=\"wp-block-columns is-layout-flex wp-container-core-columns-is-layout-1 wp-block-columns-is-layout-flex\">\n<div class=\"wp-block-column is-layout-flow wp-block-column-is-layout-flow\" style=\"flex-basis:100%\">\n<div class=\"wp-block-group is-layout-constrained wp-block-group-is-layout-constrained\"><ul class=\"wp-block-latest-posts__list is-grid columns-2 has-dates wp-block-latest-posts\"><li><div class=\"wp-block-latest-posts__featured-image alignleft\"><a href=\"https:\/\/sagnlandet.dk\/de\/blog\/2023\/12\/15\/die-zukunft-des-experimentierens-vom-experiment-zu-neuen-archaeologischen-erkenntnissen\/\" aria-label=\"Die Zukunft des Experimentierens: Vom Experiment zu neuen arch\u00e4ologischen Erkenntnissen\"><img loading=\"lazy\" decoding=\"async\" width=\"300\" height=\"300\" src=\"https:\/\/sagnlandet.dk\/de\/wp-content\/uploads\/sites\/13\/2025\/02\/kongehal-med-personer-lille-1920x593-1-1-1-1-300x300.png\" class=\"attachment-thumbnail size-thumbnail wp-post-image\" alt=\"\" style=\"max-width:50px;max-height:50px;\" srcset=\"https:\/\/sagnlandet.dk\/de\/wp-content\/uploads\/sites\/13\/2025\/02\/kongehal-med-personer-lille-1920x593-1-1-1-1-300x300.png 300w, https:\/\/sagnlandet.dk\/de\/wp-content\/uploads\/sites\/13\/2025\/02\/kongehal-med-personer-lille-1920x593-1-1-1-1-100x100.png 100w\" sizes=\"(max-width: 300px) 100vw, 300px\" \/><\/a><\/div><a class=\"wp-block-latest-posts__post-title\" href=\"https:\/\/sagnlandet.dk\/de\/blog\/2023\/12\/15\/die-zukunft-des-experimentierens-vom-experiment-zu-neuen-archaeologischen-erkenntnissen\/\">Die Zukunft des Experimentierens: Vom Experiment zu neuen arch\u00e4ologischen Erkenntnissen<\/a><time datetime=\"2023-12-15T09:39:00+01:00\" class=\"wp-block-latest-posts__post-date\">15. Dezember 2023<\/time><div class=\"wp-block-latest-posts__post-excerpt\">Lejre Land of Legends l\u00e4dt Sie zu einem Forschungsseminar mit dem Titel &#8220;Die Zukunft des Experimentierens&#8221; ein.<\/div><\/li>\n<li><div class=\"wp-block-latest-posts__featured-image alignleft\"><a href=\"https:\/\/sagnlandet.dk\/de\/blog\/2022\/11\/22\/feiern-sie-weihnachten-mit-dem-alten-volk-von-lejre-land-der-legenden\/\" aria-label=\"Feiern Sie Weihnachten mit dem alten Volk von Lejre &#8211; Land der Legenden\"><img loading=\"lazy\" decoding=\"async\" width=\"300\" height=\"300\" src=\"https:\/\/sagnlandet.dk\/de\/wp-content\/uploads\/sites\/13\/2025\/02\/skabelon-coverbillede-facebook-stor-1-1-1-300x300.png\" class=\"attachment-thumbnail size-thumbnail wp-post-image\" alt=\"\" style=\"max-width:50px;max-height:50px;\" srcset=\"https:\/\/sagnlandet.dk\/de\/wp-content\/uploads\/sites\/13\/2025\/02\/skabelon-coverbillede-facebook-stor-1-1-1-300x300.png 300w, https:\/\/sagnlandet.dk\/de\/wp-content\/uploads\/sites\/13\/2025\/02\/skabelon-coverbillede-facebook-stor-1-1-1-100x100.png 100w\" sizes=\"(max-width: 300px) 100vw, 300px\" \/><\/a><\/div><a class=\"wp-block-latest-posts__post-title\" href=\"https:\/\/sagnlandet.dk\/de\/blog\/2022\/11\/22\/feiern-sie-weihnachten-mit-dem-alten-volk-von-lejre-land-der-legenden\/\">Feiern Sie Weihnachten mit dem alten Volk von Lejre &#8211; Land der Legenden<\/a><time datetime=\"2022-11-22T10:06:00+01:00\" class=\"wp-block-latest-posts__post-date\">22. November 2022<\/time><div class=\"wp-block-latest-posts__post-excerpt\">Feiern Sie Weihnachten mit dem alten Volk von Lejre &#8211; Land der Legenden Besuchen Sie uns dieses Weihnachten &#8211; bringen Sie einen g\u00fcltigen Corona-Pass und eine Gesichtsmaske mit &#8211; Sie\u2026\u00a0<a class=\"wp-block-latest-posts__read-more\" href=\"https:\/\/sagnlandet.dk\/de\/blog\/2022\/11\/22\/feiern-sie-weihnachten-mit-dem-alten-volk-von-lejre-land-der-legenden\/\" rel=\"noopener noreferrer\"><span class=\"screen-reader-text\">Feiern Sie Weihnachten mit dem alten Volk von Lejre &#8211; Land der Legenden <\/span>weiterlesen<\/a><\/div><\/li>\n<\/ul><\/div>\n<\/div>\n<\/div>\n<\/div>\n<\/div>\n<\/div>\n<\/div>\n","protected":false},"excerpt":{"rendered":"<p>Feiern Sie Weihnachten mit dem alten Volk von Lejre &#8211; Land der Legenden Besuchen Sie uns dieses Weihnachten &#8211; bringen Sie einen g\u00fcltigen Corona-Pass und eine Gesichtsmaske mit &#8211; Sie brauchen beides, um in den Laden zu kommen! 27.-28. November, 4.-5. November und 11.-12. Dezember Lauschen Sie den Geschichten der Wikinger, werfen Sie einen standhaften [&hellip;]<\/p>\n","protected":false},"author":1569,"featured_media":71040,"comment_status":"open","ping_status":"open","sticky":false,"template":"","format":"standard","meta":{"_acf_changed":false,"footnotes":""},"categories":[656,648],"tags":[657,658],"class_list":["post-70290","post","type-post","status-publish","format-standard","has-post-thumbnail","hentry","category-juli","category-nachrichten-und-ereignisse","tag-covid","tag-weihnachten"],"acf":[],"yoast_head":"<!-- This site is optimized with the Yoast SEO plugin v23.5 - https:\/\/yoast.com\/wordpress\/plugins\/seo\/ -->\n<title>Feiern Sie Weihnachten mit dem alten Volk von Lejre - Land der Legenden - Sagnlandet Lejre<\/title>\n<meta name=\"robots\" content=\"index, follow, max-snippet:-1, max-image-preview:large, max-video-preview:-1\" \/>\n<link rel=\"canonical\" href=\"https:\/\/sagnlandet.dk\/de\/blog\/2022\/11\/22\/feiern-sie-weihnachten-mit-dem-alten-volk-von-lejre-land-der-legenden\/\" \/>\n<meta property=\"og:locale\" content=\"de_DE\" \/>\n<meta property=\"og:type\" content=\"article\" \/>\n<meta property=\"og:title\" content=\"Feiern Sie Weihnachten mit dem alten Volk von Lejre - Land der Legenden - Sagnlandet Lejre\" \/>\n<meta property=\"og:description\" content=\"Feiern Sie Weihnachten mit dem alten Volk von Lejre &#8211; Land der Legenden Besuchen Sie uns dieses Weihnachten &#8211; bringen Sie einen g\u00fcltigen Corona-Pass und eine Gesichtsmaske mit &#8211; Sie brauchen beides, um in den Laden zu kommen! 27.-28. November, 4.-5. November und 11.-12. Dezember Lauschen Sie den Geschichten der Wikinger, werfen Sie einen standhaften [&hellip;]\" \/>\n<meta property=\"og:url\" content=\"https:\/\/sagnlandet.dk\/de\/blog\/2022\/11\/22\/feiern-sie-weihnachten-mit-dem-alten-volk-von-lejre-land-der-legenden\/\" \/>\n<meta property=\"og:site_name\" content=\"Sagnlandet Lejre\" \/>\n<meta property=\"article:published_time\" content=\"2022-11-22T09:06:00+00:00\" \/>\n<meta property=\"article:modified_time\" content=\"2025-03-21T07:50:58+00:00\" \/>\n<meta property=\"og:image\" content=\"https:\/\/sagnlandet.dk\/de\/wp-content\/uploads\/sites\/13\/2025\/02\/skabelon-coverbillede-facebook-stor-1-1-1.png\" \/>\n\t<meta property=\"og:image:width\" content=\"2040\" \/>\n\t<meta property=\"og:image:height\" content=\"600\" \/>\n\t<meta property=\"og:image:type\" content=\"image\/png\" \/>\n<meta name=\"author\" content=\"Christine Roederer\" \/>\n<meta name=\"twitter:card\" content=\"summary_large_image\" \/>\n<meta name=\"twitter:label1\" content=\"Verfasst von\" \/>\n\t<meta name=\"twitter:data1\" content=\"Christine Roederer\" \/>\n\t<meta name=\"twitter:label2\" content=\"Gesch\u00e4tzte Lesezeit\" \/>\n\t<meta name=\"twitter:data2\" content=\"4\u00a0Minuten\" \/>\n<!-- \/ Yoast SEO plugin. -->","yoast_head_json":{"title":"Feiern Sie Weihnachten mit dem alten Volk von Lejre - Land der Legenden - Sagnlandet Lejre","robots":{"index":"index","follow":"follow","max-snippet":"max-snippet:-1","max-image-preview":"max-image-preview:large","max-video-preview":"max-video-preview:-1"},"canonical":"https:\/\/sagnlandet.dk\/de\/blog\/2022\/11\/22\/feiern-sie-weihnachten-mit-dem-alten-volk-von-lejre-land-der-legenden\/","og_locale":"de_DE","og_type":"article","og_title":"Feiern Sie Weihnachten mit dem alten Volk von Lejre - Land der Legenden - Sagnlandet Lejre","og_description":"Feiern Sie Weihnachten mit dem alten Volk von Lejre &#8211; Land der Legenden Besuchen Sie uns dieses Weihnachten &#8211; bringen Sie einen g\u00fcltigen Corona-Pass und eine Gesichtsmaske mit &#8211; Sie brauchen beides, um in den Laden zu kommen! 27.-28. November, 4.-5. November und 11.-12. Dezember Lauschen Sie den Geschichten der Wikinger, werfen Sie einen standhaften [&hellip;]","og_url":"https:\/\/sagnlandet.dk\/de\/blog\/2022\/11\/22\/feiern-sie-weihnachten-mit-dem-alten-volk-von-lejre-land-der-legenden\/","og_site_name":"Sagnlandet Lejre","article_published_time":"2022-11-22T09:06:00+00:00","article_modified_time":"2025-03-21T07:50:58+00:00","og_image":[{"url":"https:\/\/sagnlandet.dk\/de\/wp-content\/uploads\/sites\/13\/2025\/02\/skabelon-coverbillede-facebook-stor-1-1-1.png","width":2040,"height":600,"type":"image\/png"}],"author":"Christine Roederer","twitter_card":"summary_large_image","twitter_misc":{"Verfasst von":"Christine Roederer","Gesch\u00e4tzte Lesezeit":"4\u00a0Minuten"},"schema":{"@context":"https:\/\/schema.org","@graph":[{"@type":"Article","@id":"https:\/\/sagnlandet.dk\/de\/blog\/2022\/11\/22\/feiern-sie-weihnachten-mit-dem-alten-volk-von-lejre-land-der-legenden\/#article","isPartOf":{"@id":"https:\/\/sagnlandet.dk\/de\/blog\/2022\/11\/22\/feiern-sie-weihnachten-mit-dem-alten-volk-von-lejre-land-der-legenden\/"},"author":{"name":"Christine Roederer","@id":"https:\/\/sagnlandet.dk\/de\/#\/schema\/person\/5b56a163bff00be5a1c49ffbddc5f68e"},"headline":"Feiern Sie Weihnachten mit dem alten Volk von Lejre &#8211; Land der Legenden","datePublished":"2022-11-22T09:06:00+00:00","dateModified":"2025-03-21T07:50:58+00:00","mainEntityOfPage":{"@id":"https:\/\/sagnlandet.dk\/de\/blog\/2022\/11\/22\/feiern-sie-weihnachten-mit-dem-alten-volk-von-lejre-land-der-legenden\/"},"wordCount":628,"commentCount":0,"publisher":{"@id":"https:\/\/sagnlandet.dk\/de\/#organization"},"image":{"@id":"https:\/\/sagnlandet.dk\/de\/blog\/2022\/11\/22\/feiern-sie-weihnachten-mit-dem-alten-volk-von-lejre-land-der-legenden\/#primaryimage"},"thumbnailUrl":"https:\/\/sagnlandet.dk\/de\/wp-content\/uploads\/sites\/13\/2025\/02\/skabelon-coverbillede-facebook-stor-1-1-1.png","keywords":["COVID","Weihnachten"],"articleSection":["Juli","Nachrichten und Ereignisse"],"inLanguage":"de","potentialAction":[{"@type":"CommentAction","name":"Comment","target":["https:\/\/sagnlandet.dk\/de\/blog\/2022\/11\/22\/feiern-sie-weihnachten-mit-dem-alten-volk-von-lejre-land-der-legenden\/#respond"]}]},{"@type":"WebPage","@id":"https:\/\/sagnlandet.dk\/de\/blog\/2022\/11\/22\/feiern-sie-weihnachten-mit-dem-alten-volk-von-lejre-land-der-legenden\/","url":"https:\/\/sagnlandet.dk\/de\/blog\/2022\/11\/22\/feiern-sie-weihnachten-mit-dem-alten-volk-von-lejre-land-der-legenden\/","name":"Feiern Sie Weihnachten mit dem alten Volk von Lejre - Land der Legenden - Sagnlandet Lejre","isPartOf":{"@id":"https:\/\/sagnlandet.dk\/de\/#website"},"primaryImageOfPage":{"@id":"https:\/\/sagnlandet.dk\/de\/blog\/2022\/11\/22\/feiern-sie-weihnachten-mit-dem-alten-volk-von-lejre-land-der-legenden\/#primaryimage"},"image":{"@id":"https:\/\/sagnlandet.dk\/de\/blog\/2022\/11\/22\/feiern-sie-weihnachten-mit-dem-alten-volk-von-lejre-land-der-legenden\/#primaryimage"},"thumbnailUrl":"https:\/\/sagnlandet.dk\/de\/wp-content\/uploads\/sites\/13\/2025\/02\/skabelon-coverbillede-facebook-stor-1-1-1.png","datePublished":"2022-11-22T09:06:00+00:00","dateModified":"2025-03-21T07:50:58+00:00","breadcrumb":{"@id":"https:\/\/sagnlandet.dk\/de\/blog\/2022\/11\/22\/feiern-sie-weihnachten-mit-dem-alten-volk-von-lejre-land-der-legenden\/#breadcrumb"},"inLanguage":"de","potentialAction":[{"@type":"ReadAction","target":["https:\/\/sagnlandet.dk\/de\/blog\/2022\/11\/22\/feiern-sie-weihnachten-mit-dem-alten-volk-von-lejre-land-der-legenden\/"]}]},{"@type":"ImageObject","inLanguage":"de","@id":"https:\/\/sagnlandet.dk\/de\/blog\/2022\/11\/22\/feiern-sie-weihnachten-mit-dem-alten-volk-von-lejre-land-der-legenden\/#primaryimage","url":"https:\/\/sagnlandet.dk\/de\/wp-content\/uploads\/sites\/13\/2025\/02\/skabelon-coverbillede-facebook-stor-1-1-1.png","contentUrl":"https:\/\/sagnlandet.dk\/de\/wp-content\/uploads\/sites\/13\/2025\/02\/skabelon-coverbillede-facebook-stor-1-1-1.png","width":2040,"height":600},{"@type":"BreadcrumbList","@id":"https:\/\/sagnlandet.dk\/de\/blog\/2022\/11\/22\/feiern-sie-weihnachten-mit-dem-alten-volk-von-lejre-land-der-legenden\/#breadcrumb","itemListElement":[{"@type":"ListItem","position":1,"name":"Hjem","item":"https:\/\/sagnlandet.dk\/de\/"},{"@type":"ListItem","position":2,"name":"Feiern Sie Weihnachten mit dem alten Volk von Lejre &#8211; Land der Legenden"}]},{"@type":"WebSite","@id":"https:\/\/sagnlandet.dk\/de\/#website","url":"https:\/\/sagnlandet.dk\/de\/","name":"Sagnlandet Lejre","description":"","publisher":{"@id":"https:\/\/sagnlandet.dk\/de\/#organization"},"potentialAction":[{"@type":"SearchAction","target":{"@type":"EntryPoint","urlTemplate":"https:\/\/sagnlandet.dk\/de\/?s={search_term_string}"},"query-input":{"@type":"PropertyValueSpecification","valueRequired":true,"valueName":"search_term_string"}}],"inLanguage":"de"},{"@type":"Organization","@id":"https:\/\/sagnlandet.dk\/de\/#organization","name":"Sagnlandet Lejre","url":"https:\/\/sagnlandet.dk\/de\/","logo":{"@type":"ImageObject","inLanguage":"de","@id":"https:\/\/sagnlandet.dk\/de\/#\/schema\/logo\/image\/","url":"https:\/\/sagnlandet.dk\/de\/wp-content\/uploads\/sites\/13\/1738\/65\/logo.png","contentUrl":"https:\/\/sagnlandet.dk\/de\/wp-content\/uploads\/sites\/13\/1738\/65\/logo.png","width":398,"height":143,"caption":"Sagnlandet Lejre"},"image":{"@id":"https:\/\/sagnlandet.dk\/de\/#\/schema\/logo\/image\/"}},{"@type":"Person","@id":"https:\/\/sagnlandet.dk\/de\/#\/schema\/person\/5b56a163bff00be5a1c49ffbddc5f68e","name":"Christine Roederer","image":{"@type":"ImageObject","inLanguage":"de","@id":"https:\/\/sagnlandet.dk\/de\/#\/schema\/person\/image\/","url":"https:\/\/secure.gravatar.com\/avatar\/289c008dee6585bbf4161ecff12b7e8a?s=96&d=mm&r=g","contentUrl":"https:\/\/secure.gravatar.com\/avatar\/289c008dee6585bbf4161ecff12b7e8a?s=96&d=mm&r=g","caption":"Christine Roederer"},"sameAs":["http:\/\/sagnlandet.dk"],"url":"https:\/\/sagnlandet.dk\/de\/blog\/author\/christine-roederer\/"}]}},"_links":{"self":[{"href":"https:\/\/sagnlandet.dk\/de\/wp-json\/wp\/v2\/posts\/70290"}],"collection":[{"href":"https:\/\/sagnlandet.dk\/de\/wp-json\/wp\/v2\/posts"}],"about":[{"href":"https:\/\/sagnlandet.dk\/de\/wp-json\/wp\/v2\/types\/post"}],"author":[{"embeddable":true,"href":"https:\/\/sagnlandet.dk\/de\/wp-json\/wp\/v2\/users\/1569"}],"replies":[{"embeddable":true,"href":"https:\/\/sagnlandet.dk\/de\/wp-json\/wp\/v2\/comments?post=70290"}],"version-history":[{"count":3,"href":"https:\/\/sagnlandet.dk\/de\/wp-json\/wp\/v2\/posts\/70290\/revisions"}],"predecessor-version":[{"id":71135,"href":"https:\/\/sagnlandet.dk\/de\/wp-json\/wp\/v2\/posts\/70290\/revisions\/71135"}],"wp:featuredmedia":[{"embeddable":true,"href":"https:\/\/sagnlandet.dk\/de\/wp-json\/wp\/v2\/media\/71040"}],"wp:attachment":[{"href":"https:\/\/sagnlandet.dk\/de\/wp-json\/wp\/v2\/media?parent=70290"}],"wp:term":[{"taxonomy":"category","embeddable":true,"href":"https:\/\/sagnlandet.dk\/de\/wp-json\/wp\/v2\/categories?post=70290"},{"taxonomy":"post_tag","embeddable":true,"href":"https:\/\/sagnlandet.dk\/de\/wp-json\/wp\/v2\/tags?post=70290"}],"curies":[{"name":"wp","href":"https:\/\/api.w.org\/{rel}","templated":true}]}}