{"id":70285,"date":"2016-10-01T11:59:00","date_gmt":"2016-10-01T09:59:00","guid":{"rendered":"https:\/\/sagnlandet.dk\/velklaedt-i-vikingetiden\/"},"modified":"2025-02-24T07:10:29","modified_gmt":"2025-02-24T06:10:29","slug":"gut-gekleidet-in-der-wikingerzeit","status":"publish","type":"post","link":"https:\/\/sagnlandet.dk\/de\/blog\/2016\/10\/01\/gut-gekleidet-in-der-wikingerzeit\/","title":{"rendered":"Gut gekleidet in der Wikingerzeit"},"content":{"rendered":"\n<div class=\"wp-block-cover is-light\"><span aria-hidden=\"true\" class=\"wp-block-cover__background has-background-dim\" style=\"background-color:#9b9997\"><\/span><img decoding=\"async\" class=\"wp-block-cover__image-background wp-image-1565\" alt=\"\" src=\"https:\/\/sagnlandet.dk\/wp-content\/uploads\/2025\/02\/vikingetidens-farvepalet-strimler-1050x675-1.png\" data-object-fit=\"cover\"\/><div class=\"wp-block-cover__inner-container is-layout-constrained wp-block-cover-is-layout-constrained\">\n<h1 class=\"wp-block-heading has-text-align-center has-color-bg-color has-text-color has-link-color has-large-font-size wp-elements-ea623d13055bb76aa4cfa5817ab3f072\">Gut gekleidet in der Wikingerzeit<\/h1>\n<\/div><\/div>\n\n\n\n<hr class=\"wp-block-separator has-alpha-channel-opacity\"\/>\n\n\n<div class=\"wp-block-post-date\"><time datetime=\"2016-10-01T11:59:00+02:00\">1. Oktober 2016<\/time><\/div>\n\n\n<hr class=\"wp-block-separator has-alpha-channel-opacity\"\/>\n\n\n\n<h5 class=\"wp-block-heading\">Gut gekleidete Wikinger &#8211; wie sahen sie aus?<\/h5>\n\n\n\n<p>Die meisten Menschen haben heute eine Vorstellung davon, wie die Wikinger aussahen. Tats\u00e4chlich wissen wir aber nur sehr wenig dar\u00fcber, was die Wikinger trugen und wie sie sich kleideten.<\/p>\n\n\n\n<p>Im Laufe der Zeit haben Arch\u00e4ologen zwar einige Textil- und Fellreste gefunden, aber nur wenige vollst\u00e4ndige Kleidungsst\u00fccke. Das Wissen, das wir haben, ist daher begrenzt und bezieht sich haupts\u00e4chlich auf erhaltene arch\u00e4ologische Funde aus Gr\u00e4bern, die der Oberschicht der wikingerzeitlichen Gesellschaft angeh\u00f6rten.<\/p>\n\n\n\n<p>Doch wie kleideten sich die Wikinger aus den verschiedenen Gesellschaftsschichten tats\u00e4chlich?<\/p>\n\n\n\n<p>Ein Team von Forschern versucht nun, dies herauszufinden. Dazu untersuchen sie erhaltene Textilreste, aber auch Bilder und schriftliche Quellen \u00fcber den Kleidungsstil der Wikinger.<\/p>\n\n\n\n<p>Auf der Grundlage der neuen Erkenntnisse werden sie ein M\u00e4nner- und ein Frauenkost\u00fcm rekonstruieren und einen Kost\u00fcmkatalog zusammenstellen, der die neuesten Vorschl\u00e4ge f\u00fcr unterschiedliche Kleidung in der Wikingerzeit enth\u00e4lt.<\/p>\n\n\n\r\n\r\n<section class=\"standout-section standout-block standout-columns alignwide column-gap-s\" style=\"--columns: 2; --column-span: 1; --element-alignment: flex-start;\" data-columns=\"2\">\r\n\r\n\t<div class=\"standout-max-container\">\t\r\n\r\n<div class=\"standout-block-inner\">\r\n\t\t\t<div class=\"acf-innerblocks-container\">\n\r\n\r\n<section class=\"standout-block standout-column-element rounded-bg border-bg has-bg has-bg-color\" style=\"background-color: var(--wp--preset--color--color-istid);\">\r\n\r\n\t<div class=\"standout-max-container\">\t\r\n\r\n<div class=\"standout-block-inner\">\r\n\t\t\r\n\t\t\t<div class=\"acf-innerblocks-container\">\n\n<figure class=\"wp-block-image size-full\"><img decoding=\"async\" src=\"https:\/\/sagnlandet.dk\/wp-content\/uploads\/2025\/02\/tekstilrest.jpg\" alt=\"\" class=\"wp-image-1564\"\/><\/figure>\n\n\n\n<p>Textilreste aus Hvileh\u00f8jgraven. Foto: <em>Nationalmuseum von D\u00e4nemark (CR)<\/em>.<\/p>\n\n<\/div>\r\n\t<\/div>\r\n\r\n\r\n\r\n\t\t<\/div>\r\n<\/section>\n\n\r\n\r\n<section class=\"standout-block standout-column-element rounded-bg border-bg has-bg has-bg-color\" style=\"background-color: var(--wp--preset--color--color-istid);\">\r\n\r\n\t<div class=\"standout-max-container\">\t\r\n\r\n<div class=\"standout-block-inner\">\r\n\t\t\r\n\t\t\t<div class=\"acf-innerblocks-container\">\n\n<h3 class=\"wp-block-heading has-h-5-font-size\"><strong><u><strong><u><strong><u>Die Wikinger von Sagnlandet werden aktualisiert<\/u><\/strong><\/u><\/strong><\/u><\/strong><\/h3>\n\n\n\n<p>Das Projekt &#8220;Gut gekleidet in der Wikingerzeit&#8221; wird von der leitenden Forscherin Ulla Mannering vom D\u00e4nischen Nationalmuseum in Zusammenarbeit mit dem Sagnlandet Lejre und dem Zentrum f\u00fcr Textilforschung an der Universit\u00e4t Kopenhagen geleitet.<\/p>\n\n\n\n<p>Das Projekt wird der lebendigen Interpretation des Sagnlandet Lejre zugute kommen, da es in Zukunft m\u00f6glich sein wird, den Besuchern einen differenzierteren Einblick in die wikingerzeitliche Garderobe zu geben, wie sie vor etwa 1000 Jahren ausgesehen haben k\u00f6nnte.<\/p>\n\n\n\n<p>Das Forschungsprojekt wird durch einen Zuschuss der Velux-Stiftung in H\u00f6he von 5,5 Millionen DKK finanziert.<\/p>\n\n<\/div>\r\n\t<\/div>\r\n\r\n\r\n\r\n\t\t<\/div>\r\n<\/section>\n<\/div>\r\n\t<\/div>\r\n\r\n\r\n\r\n\t\t<\/div>\r\n<\/section>\n\n\n<hr class=\"wp-block-separator has-alpha-channel-opacity\"\/>\n\n\n\n<p>Lesen Sie mehr im Archiv f\u00fcr Inhalte und Nachrichten: <\/p>\n\n\n\n<div class=\"wp-block-columns is-layout-flex wp-container-core-columns-is-layout-2 wp-block-columns-is-layout-flex\">\n<div class=\"wp-block-column is-layout-flow wp-block-column-is-layout-flow\"><div class=\"taxonomy-post_tag wp-block-post-terms\"><span class=\"wp-block-post-terms__prefix\">Tags: <\/span><a href=\"https:\/\/sagnlandet.dk\/de\/blog\/tag\/die-farbpalette-der-wikinger\/\" rel=\"tag\">Die Farbpalette der Wikinger<\/a><\/div>\n\n\n<hr class=\"wp-block-separator has-alpha-channel-opacity\"\/>\n\n\n<div class=\"taxonomy-category wp-block-post-terms\"><span class=\"wp-block-post-terms__prefix\">Kategorier: <\/span><a href=\"https:\/\/sagnlandet.dk\/de\/blog\/category\/forschung-und-entwicklung\/\" rel=\"tag\">Forschung und Entwicklung<\/a><span class=\"wp-block-post-terms__separator\">, <\/span><a href=\"https:\/\/sagnlandet.dk\/de\/blog\/category\/wikinger\/\" rel=\"tag\">Wikinger<\/a><\/div><\/div>\n\n\n\n<div class=\"wp-block-column is-layout-flow wp-block-column-is-layout-flow\"><div class=\"wp-block-archives-dropdown wp-block-archives\"><label for=\"wp-block-archives-1\" class=\"wp-block-archives__label\">Archiv<\/label>\n\t\t<select id=\"wp-block-archives-1\" name=\"archive-dropdown\" onchange=\"document.location.href=this.options[this.selectedIndex].value;\">\n\t\t<option value=\"\">Monat ausw\u00e4hlen<\/option>\t<option value='https:\/\/sagnlandet.dk\/de\/blog\/2023\/12\/'> Dezember 2023 &nbsp;(1)<\/option>\n\t<option value='https:\/\/sagnlandet.dk\/de\/blog\/2022\/11\/'> November 2022 &nbsp;(1)<\/option>\n\t<option value='https:\/\/sagnlandet.dk\/de\/blog\/2022\/10\/'> Oktober 2022 &nbsp;(1)<\/option>\n\t<option value='https:\/\/sagnlandet.dk\/de\/blog\/2021\/09\/'> September 2021 &nbsp;(1)<\/option>\n\t<option value='https:\/\/sagnlandet.dk\/de\/blog\/2021\/07\/'> Juli 2021 &nbsp;(1)<\/option>\n\t<option value='https:\/\/sagnlandet.dk\/de\/blog\/2020\/09\/'> September 2020 &nbsp;(1)<\/option>\n\t<option value='https:\/\/sagnlandet.dk\/de\/blog\/2020\/08\/'> August 2020 &nbsp;(2)<\/option>\n\t<option value='https:\/\/sagnlandet.dk\/de\/blog\/2020\/06\/'> Juni 2020 &nbsp;(2)<\/option>\n\t<option value='https:\/\/sagnlandet.dk\/de\/blog\/2020\/01\/'> Januar 2020 &nbsp;(1)<\/option>\n\t<option value='https:\/\/sagnlandet.dk\/de\/blog\/2019\/10\/'> Oktober 2019 &nbsp;(1)<\/option>\n\t<option value='https:\/\/sagnlandet.dk\/de\/blog\/2017\/05\/'> Mai 2017 &nbsp;(1)<\/option>\n\t<option value='https:\/\/sagnlandet.dk\/de\/blog\/2016\/10\/'> Oktober 2016 &nbsp;(1)<\/option>\n<\/select><\/div>\n\n\n<div class=\"wp-block-group is-layout-constrained wp-block-group-is-layout-constrained\">\n<div class=\"wp-block-columns is-layout-flex wp-container-core-columns-is-layout-1 wp-block-columns-is-layout-flex\">\n<div class=\"wp-block-column is-layout-flow wp-block-column-is-layout-flow\" style=\"flex-basis:100%\">\n<div class=\"wp-block-group is-layout-constrained wp-block-group-is-layout-constrained\"><ul class=\"wp-block-latest-posts__list is-grid columns-2 has-dates wp-block-latest-posts\"><li><div class=\"wp-block-latest-posts__featured-image alignleft\"><a href=\"https:\/\/sagnlandet.dk\/de\/blog\/2023\/12\/15\/die-zukunft-des-experimentierens-vom-experiment-zu-neuen-archaeologischen-erkenntnissen\/\" aria-label=\"Die Zukunft des Experimentierens: Vom Experiment zu neuen arch\u00e4ologischen Erkenntnissen\"><img loading=\"lazy\" decoding=\"async\" width=\"300\" height=\"300\" src=\"https:\/\/sagnlandet.dk\/de\/wp-content\/uploads\/sites\/13\/2025\/02\/kongehal-med-personer-lille-1920x593-1-1-1-1-300x300.png\" class=\"attachment-thumbnail size-thumbnail wp-post-image\" alt=\"\" style=\"max-width:50px;max-height:50px;\" srcset=\"https:\/\/sagnlandet.dk\/de\/wp-content\/uploads\/sites\/13\/2025\/02\/kongehal-med-personer-lille-1920x593-1-1-1-1-300x300.png 300w, https:\/\/sagnlandet.dk\/de\/wp-content\/uploads\/sites\/13\/2025\/02\/kongehal-med-personer-lille-1920x593-1-1-1-1-100x100.png 100w\" sizes=\"(max-width: 300px) 100vw, 300px\" \/><\/a><\/div><a class=\"wp-block-latest-posts__post-title\" href=\"https:\/\/sagnlandet.dk\/de\/blog\/2023\/12\/15\/die-zukunft-des-experimentierens-vom-experiment-zu-neuen-archaeologischen-erkenntnissen\/\">Die Zukunft des Experimentierens: Vom Experiment zu neuen arch\u00e4ologischen Erkenntnissen<\/a><time datetime=\"2023-12-15T09:39:00+01:00\" class=\"wp-block-latest-posts__post-date\">15. Dezember 2023<\/time><div class=\"wp-block-latest-posts__post-excerpt\">Lejre Land of Legends l\u00e4dt Sie zu einem Forschungsseminar mit dem Titel &#8220;Die Zukunft des Experimentierens&#8221; ein.<\/div><\/li>\n<li><div class=\"wp-block-latest-posts__featured-image alignleft\"><a href=\"https:\/\/sagnlandet.dk\/de\/blog\/2022\/11\/22\/feiern-sie-weihnachten-mit-dem-alten-volk-von-lejre-land-der-legenden\/\" aria-label=\"Feiern Sie Weihnachten mit dem alten Volk von Lejre &#8211; Land der Legenden\"><img loading=\"lazy\" decoding=\"async\" width=\"300\" height=\"300\" src=\"https:\/\/sagnlandet.dk\/de\/wp-content\/uploads\/sites\/13\/2025\/02\/skabelon-coverbillede-facebook-stor-1-1-1-300x300.png\" class=\"attachment-thumbnail size-thumbnail wp-post-image\" alt=\"\" style=\"max-width:50px;max-height:50px;\" srcset=\"https:\/\/sagnlandet.dk\/de\/wp-content\/uploads\/sites\/13\/2025\/02\/skabelon-coverbillede-facebook-stor-1-1-1-300x300.png 300w, https:\/\/sagnlandet.dk\/de\/wp-content\/uploads\/sites\/13\/2025\/02\/skabelon-coverbillede-facebook-stor-1-1-1-100x100.png 100w\" sizes=\"(max-width: 300px) 100vw, 300px\" \/><\/a><\/div><a class=\"wp-block-latest-posts__post-title\" href=\"https:\/\/sagnlandet.dk\/de\/blog\/2022\/11\/22\/feiern-sie-weihnachten-mit-dem-alten-volk-von-lejre-land-der-legenden\/\">Feiern Sie Weihnachten mit dem alten Volk von Lejre &#8211; Land der Legenden<\/a><time datetime=\"2022-11-22T10:06:00+01:00\" class=\"wp-block-latest-posts__post-date\">22. November 2022<\/time><div class=\"wp-block-latest-posts__post-excerpt\">Feiern Sie Weihnachten mit dem alten Volk von Lejre &#8211; Land der Legenden Besuchen Sie uns dieses Weihnachten &#8211; bringen Sie einen g\u00fcltigen Corona-Pass und eine Gesichtsmaske mit &#8211; Sie\u2026\u00a0<a class=\"wp-block-latest-posts__read-more\" href=\"https:\/\/sagnlandet.dk\/de\/blog\/2022\/11\/22\/feiern-sie-weihnachten-mit-dem-alten-volk-von-lejre-land-der-legenden\/\" rel=\"noopener noreferrer\"><span class=\"screen-reader-text\">Feiern Sie Weihnachten mit dem alten Volk von Lejre &#8211; Land der Legenden <\/span>weiterlesen<\/a><\/div><\/li>\n<\/ul><\/div>\n<\/div>\n<\/div>\n<\/div>\n<\/div>\n<\/div>\n","protected":false},"excerpt":{"rendered":"<p>Gut gekleidete Wikinger &#8211; Forschung in Zusammenarbeit mit dem d\u00e4nischen Nationalmuseum \u00fcber die in der Wikingerzeit verwendeten Farben in Textilien.<\/p>\n","protected":false},"author":1569,"featured_media":71052,"comment_status":"open","ping_status":"open","sticky":false,"template":"","format":"standard","meta":{"_acf_changed":false,"footnotes":""},"categories":[646,641],"tags":[647],"class_list":["post-70285","post","type-post","status-publish","format-standard","has-post-thumbnail","hentry","category-forschung-und-entwicklung","category-wikinger","tag-die-farbpalette-der-wikinger"],"acf":[],"yoast_head":"<!-- This site is optimized with the Yoast SEO plugin v23.5 - https:\/\/yoast.com\/wordpress\/plugins\/seo\/ -->\n<title>Gut gekleidet in der Wikingerzeit - Sagnlandet Lejre<\/title>\n<meta name=\"description\" content=\"Well-dressed Vikings - research in collaboration with the National Museum of Denmark on the colors used in textiles in the Viking Age.\" \/>\n<meta name=\"robots\" content=\"index, follow, max-snippet:-1, max-image-preview:large, max-video-preview:-1\" \/>\n<link rel=\"canonical\" href=\"https:\/\/sagnlandet.dk\/de\/blog\/2016\/10\/01\/gut-gekleidet-in-der-wikingerzeit\/\" \/>\n<meta property=\"og:locale\" content=\"de_DE\" \/>\n<meta property=\"og:type\" content=\"article\" \/>\n<meta property=\"og:title\" content=\"Gut gekleidet in der Wikingerzeit - Sagnlandet Lejre\" \/>\n<meta property=\"og:description\" content=\"Well-dressed Vikings - research in collaboration with the National Museum of Denmark on the colors used in textiles in the Viking Age.\" \/>\n<meta property=\"og:url\" content=\"https:\/\/sagnlandet.dk\/de\/blog\/2016\/10\/01\/gut-gekleidet-in-der-wikingerzeit\/\" \/>\n<meta property=\"og:site_name\" content=\"Sagnlandet Lejre\" \/>\n<meta property=\"article:published_time\" content=\"2016-10-01T09:59:00+00:00\" \/>\n<meta property=\"article:modified_time\" content=\"2025-02-24T06:10:29+00:00\" \/>\n<meta property=\"og:image\" content=\"https:\/\/sagnlandet.dk\/de\/wp-content\/uploads\/sites\/13\/2025\/02\/vikingetidens-farvepalet-strimler-1050x675-1-1-1.png\" \/>\n\t<meta property=\"og:image:width\" content=\"1050\" \/>\n\t<meta property=\"og:image:height\" content=\"525\" \/>\n\t<meta property=\"og:image:type\" content=\"image\/png\" \/>\n<meta name=\"author\" content=\"Christine Roederer\" \/>\n<meta name=\"twitter:card\" content=\"summary_large_image\" \/>\n<meta name=\"twitter:label1\" content=\"Verfasst von\" \/>\n\t<meta name=\"twitter:data1\" content=\"Christine Roederer\" \/>\n\t<meta name=\"twitter:label2\" content=\"Gesch\u00e4tzte Lesezeit\" \/>\n\t<meta name=\"twitter:data2\" content=\"2\u00a0Minuten\" \/>\n<!-- \/ Yoast SEO plugin. -->","yoast_head_json":{"title":"Gut gekleidet in der Wikingerzeit - Sagnlandet Lejre","description":"Well-dressed Vikings - research in collaboration with the National Museum of Denmark on the colors used in textiles in the Viking Age.","robots":{"index":"index","follow":"follow","max-snippet":"max-snippet:-1","max-image-preview":"max-image-preview:large","max-video-preview":"max-video-preview:-1"},"canonical":"https:\/\/sagnlandet.dk\/de\/blog\/2016\/10\/01\/gut-gekleidet-in-der-wikingerzeit\/","og_locale":"de_DE","og_type":"article","og_title":"Gut gekleidet in der Wikingerzeit - Sagnlandet Lejre","og_description":"Well-dressed Vikings - research in collaboration with the National Museum of Denmark on the colors used in textiles in the Viking Age.","og_url":"https:\/\/sagnlandet.dk\/de\/blog\/2016\/10\/01\/gut-gekleidet-in-der-wikingerzeit\/","og_site_name":"Sagnlandet Lejre","article_published_time":"2016-10-01T09:59:00+00:00","article_modified_time":"2025-02-24T06:10:29+00:00","og_image":[{"width":1050,"height":525,"url":"https:\/\/sagnlandet.dk\/de\/wp-content\/uploads\/sites\/13\/2025\/02\/vikingetidens-farvepalet-strimler-1050x675-1-1-1.png","type":"image\/png"}],"author":"Christine Roederer","twitter_card":"summary_large_image","twitter_misc":{"Verfasst von":"Christine Roederer","Gesch\u00e4tzte Lesezeit":"2\u00a0Minuten"},"schema":{"@context":"https:\/\/schema.org","@graph":[{"@type":"Article","@id":"https:\/\/sagnlandet.dk\/de\/blog\/2016\/10\/01\/gut-gekleidet-in-der-wikingerzeit\/#article","isPartOf":{"@id":"https:\/\/sagnlandet.dk\/de\/blog\/2016\/10\/01\/gut-gekleidet-in-der-wikingerzeit\/"},"author":{"name":"Christine Roederer","@id":"https:\/\/sagnlandet.dk\/de\/#\/schema\/person\/5b56a163bff00be5a1c49ffbddc5f68e"},"headline":"Gut gekleidet in der Wikingerzeit","datePublished":"2016-10-01T09:59:00+00:00","dateModified":"2025-02-24T06:10:29+00:00","mainEntityOfPage":{"@id":"https:\/\/sagnlandet.dk\/de\/blog\/2016\/10\/01\/gut-gekleidet-in-der-wikingerzeit\/"},"wordCount":285,"commentCount":0,"publisher":{"@id":"https:\/\/sagnlandet.dk\/de\/#organization"},"image":{"@id":"https:\/\/sagnlandet.dk\/de\/blog\/2016\/10\/01\/gut-gekleidet-in-der-wikingerzeit\/#primaryimage"},"thumbnailUrl":"https:\/\/sagnlandet.dk\/de\/wp-content\/uploads\/sites\/13\/2025\/02\/vikingetidens-farvepalet-strimler-1050x675-1-1-1-1.png","keywords":["Die Farbpalette der Wikinger"],"articleSection":["Forschung und Entwicklung","Wikinger"],"inLanguage":"de","potentialAction":[{"@type":"CommentAction","name":"Comment","target":["https:\/\/sagnlandet.dk\/de\/blog\/2016\/10\/01\/gut-gekleidet-in-der-wikingerzeit\/#respond"]}]},{"@type":"WebPage","@id":"https:\/\/sagnlandet.dk\/de\/blog\/2016\/10\/01\/gut-gekleidet-in-der-wikingerzeit\/","url":"https:\/\/sagnlandet.dk\/de\/blog\/2016\/10\/01\/gut-gekleidet-in-der-wikingerzeit\/","name":"Gut gekleidet in der Wikingerzeit - Sagnlandet Lejre","isPartOf":{"@id":"https:\/\/sagnlandet.dk\/de\/#website"},"primaryImageOfPage":{"@id":"https:\/\/sagnlandet.dk\/de\/blog\/2016\/10\/01\/gut-gekleidet-in-der-wikingerzeit\/#primaryimage"},"image":{"@id":"https:\/\/sagnlandet.dk\/de\/blog\/2016\/10\/01\/gut-gekleidet-in-der-wikingerzeit\/#primaryimage"},"thumbnailUrl":"https:\/\/sagnlandet.dk\/de\/wp-content\/uploads\/sites\/13\/2025\/02\/vikingetidens-farvepalet-strimler-1050x675-1-1-1-1.png","datePublished":"2016-10-01T09:59:00+00:00","dateModified":"2025-02-24T06:10:29+00:00","description":"Well-dressed Vikings - research in collaboration with the National Museum of Denmark on the colors used in textiles in the Viking Age.","breadcrumb":{"@id":"https:\/\/sagnlandet.dk\/de\/blog\/2016\/10\/01\/gut-gekleidet-in-der-wikingerzeit\/#breadcrumb"},"inLanguage":"de","potentialAction":[{"@type":"ReadAction","target":["https:\/\/sagnlandet.dk\/de\/blog\/2016\/10\/01\/gut-gekleidet-in-der-wikingerzeit\/"]}]},{"@type":"ImageObject","inLanguage":"de","@id":"https:\/\/sagnlandet.dk\/de\/blog\/2016\/10\/01\/gut-gekleidet-in-der-wikingerzeit\/#primaryimage","url":"https:\/\/sagnlandet.dk\/de\/wp-content\/uploads\/sites\/13\/2025\/02\/vikingetidens-farvepalet-strimler-1050x675-1-1-1-1.png","contentUrl":"https:\/\/sagnlandet.dk\/de\/wp-content\/uploads\/sites\/13\/2025\/02\/vikingetidens-farvepalet-strimler-1050x675-1-1-1-1.png","width":1050,"height":525},{"@type":"BreadcrumbList","@id":"https:\/\/sagnlandet.dk\/de\/blog\/2016\/10\/01\/gut-gekleidet-in-der-wikingerzeit\/#breadcrumb","itemListElement":[{"@type":"ListItem","position":1,"name":"Hjem","item":"https:\/\/sagnlandet.dk\/de\/"},{"@type":"ListItem","position":2,"name":"Well dressed in the Viking Age"}]},{"@type":"WebSite","@id":"https:\/\/sagnlandet.dk\/de\/#website","url":"https:\/\/sagnlandet.dk\/de\/","name":"Sagnlandet Lejre","description":"","publisher":{"@id":"https:\/\/sagnlandet.dk\/de\/#organization"},"potentialAction":[{"@type":"SearchAction","target":{"@type":"EntryPoint","urlTemplate":"https:\/\/sagnlandet.dk\/de\/?s={search_term_string}"},"query-input":{"@type":"PropertyValueSpecification","valueRequired":true,"valueName":"search_term_string"}}],"inLanguage":"de"},{"@type":"Organization","@id":"https:\/\/sagnlandet.dk\/de\/#organization","name":"Sagnlandet Lejre","url":"https:\/\/sagnlandet.dk\/de\/","logo":{"@type":"ImageObject","inLanguage":"de","@id":"https:\/\/sagnlandet.dk\/de\/#\/schema\/logo\/image\/","url":"https:\/\/sagnlandet.dk\/de\/wp-content\/uploads\/sites\/13\/1738\/65\/logo.png","contentUrl":"https:\/\/sagnlandet.dk\/de\/wp-content\/uploads\/sites\/13\/1738\/65\/logo.png","width":398,"height":143,"caption":"Sagnlandet Lejre"},"image":{"@id":"https:\/\/sagnlandet.dk\/de\/#\/schema\/logo\/image\/"}},{"@type":"Person","@id":"https:\/\/sagnlandet.dk\/de\/#\/schema\/person\/5b56a163bff00be5a1c49ffbddc5f68e","name":"Christine Roederer","image":{"@type":"ImageObject","inLanguage":"de","@id":"https:\/\/sagnlandet.dk\/de\/#\/schema\/person\/image\/","url":"https:\/\/secure.gravatar.com\/avatar\/289c008dee6585bbf4161ecff12b7e8a?s=96&d=mm&r=g","contentUrl":"https:\/\/secure.gravatar.com\/avatar\/289c008dee6585bbf4161ecff12b7e8a?s=96&d=mm&r=g","caption":"Christine Roederer"},"sameAs":["http:\/\/sagnlandet.dk"],"url":"https:\/\/sagnlandet.dk\/de\/blog\/author\/christine-roederer\/"}]}},"_links":{"self":[{"href":"https:\/\/sagnlandet.dk\/de\/wp-json\/wp\/v2\/posts\/70285"}],"collection":[{"href":"https:\/\/sagnlandet.dk\/de\/wp-json\/wp\/v2\/posts"}],"about":[{"href":"https:\/\/sagnlandet.dk\/de\/wp-json\/wp\/v2\/types\/post"}],"author":[{"embeddable":true,"href":"https:\/\/sagnlandet.dk\/de\/wp-json\/wp\/v2\/users\/1569"}],"replies":[{"embeddable":true,"href":"https:\/\/sagnlandet.dk\/de\/wp-json\/wp\/v2\/comments?post=70285"}],"version-history":[{"count":1,"href":"https:\/\/sagnlandet.dk\/de\/wp-json\/wp\/v2\/posts\/70285\/revisions"}],"predecessor-version":[{"id":70288,"href":"https:\/\/sagnlandet.dk\/de\/wp-json\/wp\/v2\/posts\/70285\/revisions\/70288"}],"wp:featuredmedia":[{"embeddable":true,"href":"https:\/\/sagnlandet.dk\/de\/wp-json\/wp\/v2\/media\/71052"}],"wp:attachment":[{"href":"https:\/\/sagnlandet.dk\/de\/wp-json\/wp\/v2\/media?parent=70285"}],"wp:term":[{"taxonomy":"category","embeddable":true,"href":"https:\/\/sagnlandet.dk\/de\/wp-json\/wp\/v2\/categories?post=70285"},{"taxonomy":"post_tag","embeddable":true,"href":"https:\/\/sagnlandet.dk\/de\/wp-json\/wp\/v2\/tags?post=70285"}],"curies":[{"name":"wp","href":"https:\/\/api.w.org\/{rel}","templated":true}]}}