{"id":70257,"date":"2020-08-14T10:17:00","date_gmt":"2020-08-14T08:17:00","guid":{"rendered":"https:\/\/sagnlandet.dk\/jutta-eberhards-er-maanedens-fortaeller-august-2020\/"},"modified":"2025-02-24T07:10:19","modified_gmt":"2025-02-24T06:10:19","slug":"jutta-eberhards-ist-erzaehlerin-des-monats-august-2020","status":"publish","type":"post","link":"https:\/\/sagnlandet.dk\/de\/blog\/2020\/08\/14\/jutta-eberhards-ist-erzaehlerin-des-monats-august-2020\/","title":{"rendered":"Jutta Eberhards ist Erz\u00e4hlerin des Monats August 2020"},"content":{"rendered":"\n<div class=\"wp-block-cover is-light\"><span aria-hidden=\"true\" class=\"wp-block-cover__background has-background-dim\" style=\"background-color:#9b9997\"><\/span><img decoding=\"async\" class=\"wp-block-cover__image-background wp-image-1533\" alt=\"\" src=\"https:\/\/sagnlandet.dk\/wp-content\/uploads\/2025\/02\/facebook.png\" data-object-fit=\"cover\"\/><div class=\"wp-block-cover__inner-container is-layout-constrained wp-block-cover-is-layout-constrained\">\n<h1 class=\"wp-block-heading has-text-align-center has-color-bg-color has-text-color has-link-color has-large-font-size wp-elements-6e0dca2a7b18ec190e8e153820f7e727\">Jutta Eberhards ist Erz\u00e4hlerin des Monats August 2020<\/h1>\n<\/div><\/div>\n\n\n\n<hr class=\"wp-block-separator has-alpha-channel-opacity\"\/>\n\n\n<div class=\"wp-block-post-date\"><time datetime=\"2020-08-14T10:17:00+02:00\">14. August 2020<\/time><\/div>\n\n\n<hr class=\"wp-block-separator has-alpha-channel-opacity\"\/>\n\n\n\r\n\r\n<section class=\"standout-section standout-block standout-columns alignwide column-gap-s\" style=\"--columns: 2; --column-span: 1; --element-alignment: flex-start;\" data-columns=\"2\">\r\n\r\n\t<div class=\"standout-max-container\">\t\r\n\r\n<div class=\"standout-block-inner\">\r\n\t\t\t<div class=\"acf-innerblocks-container\">\n\r\n\r\n<section class=\"standout-block standout-column-element\" style=\"--row-span: 2;\" data-row-span=\"2\">\r\n\r\n\t<div class=\"standout-max-container\">\t\r\n\r\n<div class=\"standout-block-inner\">\r\n\t\t\r\n\t\t\t<div class=\"acf-innerblocks-container\">\n\r\n\r\n<section class=\"standout-section standout-block standout-basic alignwide rounded-bg has-bg has-bg-img\">\r\n\r\n\t<div class=\"standout-max-container\">\t\r\n\r\n<div class=\"standout-block-inner\">\r\n\t\r\n\t\t\t\t\t\t<div class=\"acf-innerblocks-container\"><\/div>\r\n\t\t\t\r\n\t<\/div>\r\n\r\n\r\n\r\n\t\t<\/div>\r\n<\/section>\n<\/div>\r\n\t<\/div>\r\n\r\n\r\n\r\n\t\t<\/div>\r\n<\/section>\n\n\r\n\r\n<section class=\"standout-block standout-column-element\" style=\"--row-span: 2;\" data-row-span=\"2\">\r\n\r\n\t<div class=\"standout-max-container\">\t\r\n\r\n<div class=\"standout-block-inner\">\r\n\t\t\r\n\t\t\t<div class=\"acf-innerblocks-container\">\n\n<div class=\"wp-block-group is-layout-constrained wp-block-group-is-layout-constrained\">\n<p><strong>Jutta Eberhards ist Erz\u00e4hlerin des Monats August 2020<\/strong><\/p>\n\n\n\n<p>Jutta ist fast immer in Ravnebjerg anzutreffen. Es ist schon viele Jahre her, dass Jutta Eberhards dem Lejre Land of Legends beigetreten ist. F\u00fcr Jutta geht es nicht nur um das Erz\u00e4hlen von Geschichten:<\/p>\n\n\n\n<p>-&#8220;<em>Die Freude daran, eine Geschichte zu erz\u00e4hlen und sich durch das gesprochene Wort ein St\u00fcck weit zu \u00f6ffnen, ist eines der Werkzeuge, mit denen wir in Lejre Land of Legends arbeiten<\/em>&#8220;, sagt Jutta Eberhards.<\/p>\n\n\n\n<p>Jeden Monat wird ein &#8220;Geschichtenerz\u00e4hler des Monats&#8221; von Fort\u00e6llere i Danmark ernannt, einer Vereinigung von m\u00fcndlichen Geschichtenerz\u00e4hlern und Geschichtenerz\u00e4hlervereinen in D\u00e4nemark.<\/p>\n\n\n\n<p>-&#8220;Ich finde<em>es verr\u00fcckt, dass man mir sagt, ich sei der Geschichtenerz\u00e4hler des Monats. Es ist unverst\u00e4ndlich, auch weil ich beim Erz\u00e4hlen von Geschichten so viel Demut empfinde. Die Tatsache, dass es jemanden auf der Welt gibt<\/em><em>, der denkt, dass man nominiert werden sollte, ist eine gro\u00dfartige Sache<\/em>&#8220;, f\u00e4hrt Jutta Eberhard fort.<\/p>\n\n\n\n<p>-&#8220;<em>Wenn<\/em> ich mit<em>Geschichten<\/em> arbeite<em>, ist es mir wichtig, die Essenz der Geschichte zu treffen und zu sp\u00fcren.<\/em><\/p>\n\n\n\n<p><em>Das erfordert eine animistische Herangehensweise und Denkweise. Ein Wesen hat und ist eine Seele, und eine solche Seele ist in allen Geschichten, die ich erz\u00e4hlen m\u00f6chte, verborgen.<\/em><\/p>\n\n\n\n<p><em>Um dem Wesen der Geschichte zu begegnen, muss ich mich mit ihr vertraut machen, neugierig, forschend und spielerisch sein. Ich lese sie, h\u00f6re sie mir mehrmals an, schmecke die Worte, h\u00f6re sie in meinem Kopf, f\u00fchle sie. Die Geschichte hat einen Eingang und einen Ausgang, und dadurch finde ich meinen Zugang. Sie hat einen Grundton und einen Rhythmus und zeigt mir, was Eindruck macht und wie ich es ausdr\u00fccken kann.<\/em><\/p>\n\n\n\n<p><em>Wenn ich die Essenz der Geschichte erfasst habe, kommt das Wesentliche zum Vorschein. In diesem Moment wei\u00df ich, wie ich die Geschichte erz\u00e4hlen will. Indem ich mir die Geschichte aneigne, mache ich sie zu meiner eigenen. Sie spiegelt sich in mir, in dem Stoff, den ich vermitteln will, und in der Spannung und Atmosph\u00e4re, die bei den Zuh\u00f6rern entsteht!<\/em><\/p>\n\n\n\n<p><em>Ich entscheide mich daf\u00fcr, die Rolle des Gastgebers f\u00fcr meine Geschichte und meine Zuh\u00f6rer zu \u00fcbernehmen. Ich setze einen Rahmen, in dem wir uns versammeln k\u00f6nnen, um das gemeinsame Dritte zu teilen<\/em>&#8220;, erkl\u00e4rt sie gegen\u00fcber <a href=\"https:\/\/fortaellereidanmark.dk\/jutta-eberhards-er-maanedens-fortaeller-august-2020\/\">Fort\u00e6llere i Danmark<\/a>.<\/p>\n\n\n\n<p>Gerade die Tatsache, dass sie unter Kollegen und anderen Geschichtenerz\u00e4hlern ausgew\u00e4hlt wurde, macht Jutta am meisten stolz &#8211; aber auch ein wenig ber\u00fchrt:<\/p>\n\n\n\n<p>-&#8220;Ich war<em>ger\u00fchrt, aber auch dankbar. Es ist ein bisschen unverst\u00e4ndlich, dass ich eine solche Demut beim Erz\u00e4hlen von Geschichten empfinde. Dass jemand in der gro\u00dfen Welt meint, dass man unter Kollegen geehrt werden sollte, ist eine tolle Sache.<\/em><\/p>\n\n\n\n<p>Herzlichen Gl\u00fcckwunsch dazu, Jutta!<\/p>\n<\/div>\n\n<\/div>\r\n\t<\/div>\r\n\r\n\r\n\r\n\t\t<\/div>\r\n<\/section>\n<\/div>\r\n\t<\/div>\r\n\r\n\r\n\r\n\t\t<\/div>\r\n<\/section>\n\n\n<hr class=\"wp-block-separator has-alpha-channel-opacity\"\/>\n\n\n\n<p>Lesen Sie mehr im Archiv f\u00fcr Inhalte und Nachrichten: <\/p>\n\n\n\n<div class=\"wp-block-columns is-layout-flex wp-container-core-columns-is-layout-2 wp-block-columns-is-layout-flex\">\n<div class=\"wp-block-column is-layout-flow wp-block-column-is-layout-flow\"><div class=\"taxonomy-post_tag wp-block-post-terms\"><span class=\"wp-block-post-terms__prefix\">Tags: <\/span><a href=\"https:\/\/sagnlandet.dk\/de\/blog\/tag\/jutta-eberhards\/\" rel=\"tag\">Jutta Eberhards<\/a><\/div>\n\n\n<hr class=\"wp-block-separator has-alpha-channel-opacity\"\/>\n\n\n<div class=\"taxonomy-category wp-block-post-terms\"><span class=\"wp-block-post-terms__prefix\">Kategorier: <\/span><a href=\"https:\/\/sagnlandet.dk\/de\/blog\/category\/wikinger\/\" rel=\"tag\">Wikinger<\/a><\/div><\/div>\n\n\n\n<div class=\"wp-block-column is-layout-flow wp-block-column-is-layout-flow\"><div class=\"wp-block-archives-dropdown wp-block-archives\"><label for=\"wp-block-archives-1\" class=\"wp-block-archives__label\">Archiv<\/label>\n\t\t<select id=\"wp-block-archives-1\" name=\"archive-dropdown\" onchange=\"document.location.href=this.options[this.selectedIndex].value;\">\n\t\t<option value=\"\">Monat ausw\u00e4hlen<\/option>\t<option value='https:\/\/sagnlandet.dk\/de\/blog\/2023\/12\/'> Dezember 2023 &nbsp;(1)<\/option>\n\t<option value='https:\/\/sagnlandet.dk\/de\/blog\/2022\/11\/'> November 2022 &nbsp;(1)<\/option>\n\t<option value='https:\/\/sagnlandet.dk\/de\/blog\/2022\/10\/'> Oktober 2022 &nbsp;(1)<\/option>\n\t<option value='https:\/\/sagnlandet.dk\/de\/blog\/2021\/09\/'> September 2021 &nbsp;(1)<\/option>\n\t<option value='https:\/\/sagnlandet.dk\/de\/blog\/2021\/07\/'> Juli 2021 &nbsp;(1)<\/option>\n\t<option value='https:\/\/sagnlandet.dk\/de\/blog\/2020\/09\/'> September 2020 &nbsp;(1)<\/option>\n\t<option value='https:\/\/sagnlandet.dk\/de\/blog\/2020\/08\/'> August 2020 &nbsp;(2)<\/option>\n\t<option value='https:\/\/sagnlandet.dk\/de\/blog\/2020\/06\/'> Juni 2020 &nbsp;(2)<\/option>\n\t<option value='https:\/\/sagnlandet.dk\/de\/blog\/2020\/01\/'> Januar 2020 &nbsp;(1)<\/option>\n\t<option value='https:\/\/sagnlandet.dk\/de\/blog\/2019\/10\/'> Oktober 2019 &nbsp;(1)<\/option>\n\t<option value='https:\/\/sagnlandet.dk\/de\/blog\/2017\/05\/'> Mai 2017 &nbsp;(1)<\/option>\n\t<option value='https:\/\/sagnlandet.dk\/de\/blog\/2016\/10\/'> Oktober 2016 &nbsp;(1)<\/option>\n<\/select><\/div>\n\n\n<div class=\"wp-block-group is-layout-constrained wp-block-group-is-layout-constrained\">\n<div class=\"wp-block-columns is-layout-flex wp-container-core-columns-is-layout-1 wp-block-columns-is-layout-flex\">\n<div class=\"wp-block-column is-layout-flow wp-block-column-is-layout-flow\" style=\"flex-basis:100%\">\n<div class=\"wp-block-group is-layout-constrained wp-block-group-is-layout-constrained\"><ul class=\"wp-block-latest-posts__list is-grid columns-2 has-dates wp-block-latest-posts\"><li><div class=\"wp-block-latest-posts__featured-image alignleft\"><a href=\"https:\/\/sagnlandet.dk\/de\/blog\/2023\/12\/15\/die-zukunft-des-experimentierens-vom-experiment-zu-neuen-archaeologischen-erkenntnissen\/\" aria-label=\"Die Zukunft des Experimentierens: Vom Experiment zu neuen arch\u00e4ologischen Erkenntnissen\"><img loading=\"lazy\" decoding=\"async\" width=\"300\" height=\"300\" src=\"https:\/\/sagnlandet.dk\/de\/wp-content\/uploads\/sites\/13\/2025\/02\/kongehal-med-personer-lille-1920x593-1-1-1-1-300x300.png\" class=\"attachment-thumbnail size-thumbnail wp-post-image\" alt=\"\" style=\"max-width:50px;max-height:50px;\" srcset=\"https:\/\/sagnlandet.dk\/de\/wp-content\/uploads\/sites\/13\/2025\/02\/kongehal-med-personer-lille-1920x593-1-1-1-1-300x300.png 300w, https:\/\/sagnlandet.dk\/de\/wp-content\/uploads\/sites\/13\/2025\/02\/kongehal-med-personer-lille-1920x593-1-1-1-1-100x100.png 100w\" sizes=\"(max-width: 300px) 100vw, 300px\" \/><\/a><\/div><a class=\"wp-block-latest-posts__post-title\" href=\"https:\/\/sagnlandet.dk\/de\/blog\/2023\/12\/15\/die-zukunft-des-experimentierens-vom-experiment-zu-neuen-archaeologischen-erkenntnissen\/\">Die Zukunft des Experimentierens: Vom Experiment zu neuen arch\u00e4ologischen Erkenntnissen<\/a><time datetime=\"2023-12-15T09:39:00+01:00\" class=\"wp-block-latest-posts__post-date\">15. Dezember 2023<\/time><div class=\"wp-block-latest-posts__post-excerpt\">Lejre Land of Legends l\u00e4dt Sie zu einem Forschungsseminar mit dem Titel &#8220;Die Zukunft des Experimentierens&#8221; ein.<\/div><\/li>\n<li><div class=\"wp-block-latest-posts__featured-image alignleft\"><a href=\"https:\/\/sagnlandet.dk\/de\/blog\/2022\/11\/22\/feiern-sie-weihnachten-mit-dem-alten-volk-von-lejre-land-der-legenden\/\" aria-label=\"Feiern Sie Weihnachten mit dem alten Volk von Lejre &#8211; Land der Legenden\"><img loading=\"lazy\" decoding=\"async\" width=\"300\" height=\"300\" src=\"https:\/\/sagnlandet.dk\/de\/wp-content\/uploads\/sites\/13\/2025\/02\/skabelon-coverbillede-facebook-stor-1-1-1-300x300.png\" class=\"attachment-thumbnail size-thumbnail wp-post-image\" alt=\"\" style=\"max-width:50px;max-height:50px;\" srcset=\"https:\/\/sagnlandet.dk\/de\/wp-content\/uploads\/sites\/13\/2025\/02\/skabelon-coverbillede-facebook-stor-1-1-1-300x300.png 300w, https:\/\/sagnlandet.dk\/de\/wp-content\/uploads\/sites\/13\/2025\/02\/skabelon-coverbillede-facebook-stor-1-1-1-100x100.png 100w\" sizes=\"(max-width: 300px) 100vw, 300px\" \/><\/a><\/div><a class=\"wp-block-latest-posts__post-title\" href=\"https:\/\/sagnlandet.dk\/de\/blog\/2022\/11\/22\/feiern-sie-weihnachten-mit-dem-alten-volk-von-lejre-land-der-legenden\/\">Feiern Sie Weihnachten mit dem alten Volk von Lejre &#8211; Land der Legenden<\/a><time datetime=\"2022-11-22T10:06:00+01:00\" class=\"wp-block-latest-posts__post-date\">22. November 2022<\/time><div class=\"wp-block-latest-posts__post-excerpt\">Feiern Sie Weihnachten mit dem alten Volk von Lejre &#8211; Land der Legenden Besuchen Sie uns dieses Weihnachten &#8211; bringen Sie einen g\u00fcltigen Corona-Pass und eine Gesichtsmaske mit &#8211; Sie\u2026\u00a0<a class=\"wp-block-latest-posts__read-more\" href=\"https:\/\/sagnlandet.dk\/de\/blog\/2022\/11\/22\/feiern-sie-weihnachten-mit-dem-alten-volk-von-lejre-land-der-legenden\/\" rel=\"noopener noreferrer\"><span class=\"screen-reader-text\">Feiern Sie Weihnachten mit dem alten Volk von Lejre &#8211; Land der Legenden <\/span>weiterlesen<\/a><\/div><\/li>\n<\/ul><\/div>\n<\/div>\n<\/div>\n<\/div>\n<\/div>\n<\/div>\n","protected":false},"excerpt":{"rendered":"<p>Jutta Eberhards ist die Erz\u00e4hlerin des Monats August 2020.<\/p>\n","protected":false},"author":1569,"featured_media":71046,"comment_status":"open","ping_status":"open","sticky":false,"template":"","format":"standard","meta":{"_acf_changed":false,"footnotes":""},"categories":[641],"tags":[650],"class_list":["post-70257","post","type-post","status-publish","format-standard","has-post-thumbnail","hentry","category-wikinger","tag-jutta-eberhards"],"acf":[],"yoast_head":"<!-- This site is optimized with the Yoast SEO plugin v23.5 - https:\/\/yoast.com\/wordpress\/plugins\/seo\/ -->\n<title>Jutta Eberhards ist Erz\u00e4hlerin des Monats August 2020 - Sagnlandet Lejre<\/title>\n<meta name=\"description\" content=\"Jutta Eberhards is the Narrator of the Month for August 2020. Read more about why Jutta - or Japke - has been chosen here.\" \/>\n<meta name=\"robots\" content=\"index, follow, max-snippet:-1, max-image-preview:large, max-video-preview:-1\" \/>\n<link rel=\"canonical\" href=\"https:\/\/sagnlandet.dk\/de\/blog\/2020\/08\/14\/jutta-eberhards-ist-erzaehlerin-des-monats-august-2020\/\" \/>\n<meta property=\"og:locale\" content=\"de_DE\" \/>\n<meta property=\"og:type\" content=\"article\" \/>\n<meta property=\"og:title\" content=\"Jutta Eberhards ist Erz\u00e4hlerin des Monats August 2020 - Sagnlandet Lejre\" \/>\n<meta property=\"og:description\" content=\"Jutta Eberhards is the Narrator of the Month for August 2020. Read more about why Jutta - or Japke - has been chosen here.\" \/>\n<meta property=\"og:url\" content=\"https:\/\/sagnlandet.dk\/de\/blog\/2020\/08\/14\/jutta-eberhards-ist-erzaehlerin-des-monats-august-2020\/\" \/>\n<meta property=\"og:site_name\" content=\"Sagnlandet Lejre\" \/>\n<meta property=\"article:published_time\" content=\"2020-08-14T08:17:00+00:00\" \/>\n<meta property=\"article:modified_time\" content=\"2025-02-24T06:10:19+00:00\" \/>\n<meta property=\"og:image\" content=\"https:\/\/sagnlandet.dk\/de\/wp-content\/uploads\/sites\/13\/2025\/02\/facebook-1-1.png\" \/>\n\t<meta property=\"og:image:width\" content=\"2154\" \/>\n\t<meta property=\"og:image:height\" content=\"1800\" \/>\n\t<meta property=\"og:image:type\" content=\"image\/png\" \/>\n<meta name=\"author\" content=\"Christine Roederer\" \/>\n<meta name=\"twitter:card\" content=\"summary_large_image\" \/>\n<meta name=\"twitter:label1\" content=\"Verfasst von\" \/>\n\t<meta name=\"twitter:data1\" content=\"Christine Roederer\" \/>\n\t<meta name=\"twitter:label2\" content=\"Gesch\u00e4tzte Lesezeit\" \/>\n\t<meta name=\"twitter:data2\" content=\"3\u00a0Minuten\" \/>\n<!-- \/ Yoast SEO plugin. -->","yoast_head_json":{"title":"Jutta Eberhards ist Erz\u00e4hlerin des Monats August 2020 - Sagnlandet Lejre","description":"Jutta Eberhards is the Narrator of the Month for August 2020. Read more about why Jutta - or Japke - has been chosen here.","robots":{"index":"index","follow":"follow","max-snippet":"max-snippet:-1","max-image-preview":"max-image-preview:large","max-video-preview":"max-video-preview:-1"},"canonical":"https:\/\/sagnlandet.dk\/de\/blog\/2020\/08\/14\/jutta-eberhards-ist-erzaehlerin-des-monats-august-2020\/","og_locale":"de_DE","og_type":"article","og_title":"Jutta Eberhards ist Erz\u00e4hlerin des Monats August 2020 - Sagnlandet Lejre","og_description":"Jutta Eberhards is the Narrator of the Month for August 2020. Read more about why Jutta - or Japke - has been chosen here.","og_url":"https:\/\/sagnlandet.dk\/de\/blog\/2020\/08\/14\/jutta-eberhards-ist-erzaehlerin-des-monats-august-2020\/","og_site_name":"Sagnlandet Lejre","article_published_time":"2020-08-14T08:17:00+00:00","article_modified_time":"2025-02-24T06:10:19+00:00","og_image":[{"url":"https:\/\/sagnlandet.dk\/de\/wp-content\/uploads\/sites\/13\/2025\/02\/facebook-1-1.png","width":2154,"height":1800,"type":"image\/png"}],"author":"Christine Roederer","twitter_card":"summary_large_image","twitter_misc":{"Verfasst von":"Christine Roederer","Gesch\u00e4tzte Lesezeit":"3\u00a0Minuten"},"schema":{"@context":"https:\/\/schema.org","@graph":[{"@type":"Article","@id":"https:\/\/sagnlandet.dk\/de\/blog\/2020\/08\/14\/jutta-eberhards-ist-erzaehlerin-des-monats-august-2020\/#article","isPartOf":{"@id":"https:\/\/sagnlandet.dk\/de\/blog\/2020\/08\/14\/jutta-eberhards-ist-erzaehlerin-des-monats-august-2020\/"},"author":{"name":"Christine Roederer","@id":"https:\/\/sagnlandet.dk\/de\/#\/schema\/person\/5b56a163bff00be5a1c49ffbddc5f68e"},"headline":"Jutta Eberhards ist Erz\u00e4hlerin des Monats August 2020","datePublished":"2020-08-14T08:17:00+00:00","dateModified":"2025-02-24T06:10:19+00:00","mainEntityOfPage":{"@id":"https:\/\/sagnlandet.dk\/de\/blog\/2020\/08\/14\/jutta-eberhards-ist-erzaehlerin-des-monats-august-2020\/"},"wordCount":495,"commentCount":0,"publisher":{"@id":"https:\/\/sagnlandet.dk\/de\/#organization"},"image":{"@id":"https:\/\/sagnlandet.dk\/de\/blog\/2020\/08\/14\/jutta-eberhards-ist-erzaehlerin-des-monats-august-2020\/#primaryimage"},"thumbnailUrl":"https:\/\/sagnlandet.dk\/de\/wp-content\/uploads\/sites\/13\/2025\/02\/facebook-1-1-1.png","keywords":["Jutta Eberhards"],"articleSection":["Wikinger"],"inLanguage":"de","potentialAction":[{"@type":"CommentAction","name":"Comment","target":["https:\/\/sagnlandet.dk\/de\/blog\/2020\/08\/14\/jutta-eberhards-ist-erzaehlerin-des-monats-august-2020\/#respond"]}]},{"@type":"WebPage","@id":"https:\/\/sagnlandet.dk\/de\/blog\/2020\/08\/14\/jutta-eberhards-ist-erzaehlerin-des-monats-august-2020\/","url":"https:\/\/sagnlandet.dk\/de\/blog\/2020\/08\/14\/jutta-eberhards-ist-erzaehlerin-des-monats-august-2020\/","name":"Jutta Eberhards ist Erz\u00e4hlerin des Monats August 2020 - Sagnlandet Lejre","isPartOf":{"@id":"https:\/\/sagnlandet.dk\/de\/#website"},"primaryImageOfPage":{"@id":"https:\/\/sagnlandet.dk\/de\/blog\/2020\/08\/14\/jutta-eberhards-ist-erzaehlerin-des-monats-august-2020\/#primaryimage"},"image":{"@id":"https:\/\/sagnlandet.dk\/de\/blog\/2020\/08\/14\/jutta-eberhards-ist-erzaehlerin-des-monats-august-2020\/#primaryimage"},"thumbnailUrl":"https:\/\/sagnlandet.dk\/de\/wp-content\/uploads\/sites\/13\/2025\/02\/facebook-1-1-1.png","datePublished":"2020-08-14T08:17:00+00:00","dateModified":"2025-02-24T06:10:19+00:00","description":"Jutta Eberhards is the Narrator of the Month for August 2020. Read more about why Jutta - or Japke - has been chosen here.","breadcrumb":{"@id":"https:\/\/sagnlandet.dk\/de\/blog\/2020\/08\/14\/jutta-eberhards-ist-erzaehlerin-des-monats-august-2020\/#breadcrumb"},"inLanguage":"de","potentialAction":[{"@type":"ReadAction","target":["https:\/\/sagnlandet.dk\/de\/blog\/2020\/08\/14\/jutta-eberhards-ist-erzaehlerin-des-monats-august-2020\/"]}]},{"@type":"ImageObject","inLanguage":"de","@id":"https:\/\/sagnlandet.dk\/de\/blog\/2020\/08\/14\/jutta-eberhards-ist-erzaehlerin-des-monats-august-2020\/#primaryimage","url":"https:\/\/sagnlandet.dk\/de\/wp-content\/uploads\/sites\/13\/2025\/02\/facebook-1-1-1.png","contentUrl":"https:\/\/sagnlandet.dk\/de\/wp-content\/uploads\/sites\/13\/2025\/02\/facebook-1-1-1.png","width":2154,"height":1800},{"@type":"BreadcrumbList","@id":"https:\/\/sagnlandet.dk\/de\/blog\/2020\/08\/14\/jutta-eberhards-ist-erzaehlerin-des-monats-august-2020\/#breadcrumb","itemListElement":[{"@type":"ListItem","position":1,"name":"Hjem","item":"https:\/\/sagnlandet.dk\/de\/"},{"@type":"ListItem","position":2,"name":"Jutta Eberhards is Narrator of the Month August 2020"}]},{"@type":"WebSite","@id":"https:\/\/sagnlandet.dk\/de\/#website","url":"https:\/\/sagnlandet.dk\/de\/","name":"Sagnlandet Lejre","description":"","publisher":{"@id":"https:\/\/sagnlandet.dk\/de\/#organization"},"potentialAction":[{"@type":"SearchAction","target":{"@type":"EntryPoint","urlTemplate":"https:\/\/sagnlandet.dk\/de\/?s={search_term_string}"},"query-input":{"@type":"PropertyValueSpecification","valueRequired":true,"valueName":"search_term_string"}}],"inLanguage":"de"},{"@type":"Organization","@id":"https:\/\/sagnlandet.dk\/de\/#organization","name":"Sagnlandet Lejre","url":"https:\/\/sagnlandet.dk\/de\/","logo":{"@type":"ImageObject","inLanguage":"de","@id":"https:\/\/sagnlandet.dk\/de\/#\/schema\/logo\/image\/","url":"https:\/\/sagnlandet.dk\/de\/wp-content\/uploads\/sites\/13\/1738\/65\/logo.png","contentUrl":"https:\/\/sagnlandet.dk\/de\/wp-content\/uploads\/sites\/13\/1738\/65\/logo.png","width":398,"height":143,"caption":"Sagnlandet Lejre"},"image":{"@id":"https:\/\/sagnlandet.dk\/de\/#\/schema\/logo\/image\/"}},{"@type":"Person","@id":"https:\/\/sagnlandet.dk\/de\/#\/schema\/person\/5b56a163bff00be5a1c49ffbddc5f68e","name":"Christine Roederer","image":{"@type":"ImageObject","inLanguage":"de","@id":"https:\/\/sagnlandet.dk\/de\/#\/schema\/person\/image\/","url":"https:\/\/secure.gravatar.com\/avatar\/289c008dee6585bbf4161ecff12b7e8a?s=96&d=mm&r=g","contentUrl":"https:\/\/secure.gravatar.com\/avatar\/289c008dee6585bbf4161ecff12b7e8a?s=96&d=mm&r=g","caption":"Christine Roederer"},"sameAs":["http:\/\/sagnlandet.dk"],"url":"https:\/\/sagnlandet.dk\/de\/blog\/author\/christine-roederer\/"}]}},"_links":{"self":[{"href":"https:\/\/sagnlandet.dk\/de\/wp-json\/wp\/v2\/posts\/70257"}],"collection":[{"href":"https:\/\/sagnlandet.dk\/de\/wp-json\/wp\/v2\/posts"}],"about":[{"href":"https:\/\/sagnlandet.dk\/de\/wp-json\/wp\/v2\/types\/post"}],"author":[{"embeddable":true,"href":"https:\/\/sagnlandet.dk\/de\/wp-json\/wp\/v2\/users\/1569"}],"replies":[{"embeddable":true,"href":"https:\/\/sagnlandet.dk\/de\/wp-json\/wp\/v2\/comments?post=70257"}],"version-history":[{"count":1,"href":"https:\/\/sagnlandet.dk\/de\/wp-json\/wp\/v2\/posts\/70257\/revisions"}],"predecessor-version":[{"id":70259,"href":"https:\/\/sagnlandet.dk\/de\/wp-json\/wp\/v2\/posts\/70257\/revisions\/70259"}],"wp:featuredmedia":[{"embeddable":true,"href":"https:\/\/sagnlandet.dk\/de\/wp-json\/wp\/v2\/media\/71046"}],"wp:attachment":[{"href":"https:\/\/sagnlandet.dk\/de\/wp-json\/wp\/v2\/media?parent=70257"}],"wp:term":[{"taxonomy":"category","embeddable":true,"href":"https:\/\/sagnlandet.dk\/de\/wp-json\/wp\/v2\/categories?post=70257"},{"taxonomy":"post_tag","embeddable":true,"href":"https:\/\/sagnlandet.dk\/de\/wp-json\/wp\/v2\/tags?post=70257"}],"curies":[{"name":"wp","href":"https:\/\/api.w.org\/{rel}","templated":true}]}}