{"id":70239,"date":"2020-01-31T09:19:00","date_gmt":"2020-01-31T08:19:00","guid":{"rendered":"https:\/\/sagnlandet.dk\/bag-om-sagnkongernes-verden\/"},"modified":"2025-02-24T07:10:24","modified_gmt":"2025-02-24T06:10:24","slug":"hinter-der-welt-der-legendaeren-koenige","status":"publish","type":"post","link":"https:\/\/sagnlandet.dk\/de\/blog\/2020\/01\/31\/hinter-der-welt-der-legendaeren-koenige\/","title":{"rendered":"Hinter der Welt der legend\u00e4ren K\u00f6nige"},"content":{"rendered":"\n<div class=\"wp-block-cover is-light\"><span aria-hidden=\"true\" class=\"wp-block-cover__background has-background-dim\" style=\"background-color:#9b9997\"><\/span><img decoding=\"async\" class=\"wp-block-cover__image-background wp-image-1494\" alt=\"\" src=\"https:\/\/sagnlandet.dk\/wp-content\/uploads\/2025\/02\/kongehallen-29-maj-2019-04-scaled-1.jpg\" data-object-fit=\"cover\"\/><div class=\"wp-block-cover__inner-container is-layout-constrained wp-block-cover-is-layout-constrained\">\n<h1 class=\"wp-block-heading has-text-align-center has-color-bg-color has-text-color has-link-color has-large-font-size wp-elements-2a576812e07deb260a8ee6674e2109cb\">Hinter der Welt der legend\u00e4ren K\u00f6nige<\/h1>\n<\/div><\/div>\n\n\n\n<hr class=\"wp-block-separator has-alpha-channel-opacity\"\/>\n\n\n<div class=\"wp-block-post-date\"><time datetime=\"2020-01-31T09:19:00+01:00\">31. Januar 2020<\/time><\/div>\n\n\n<hr class=\"wp-block-separator has-alpha-channel-opacity\"\/>\n\n\n\n<h4 class=\"wp-block-heading\">\u00dcber das Projekt Welt der legend\u00e4ren K\u00f6nige<\/h4>\n\n\n\n<p>Am 21. Juni 2015 gab Lejre Land of Legends die Nachricht \u00fcber die erste Spende f\u00fcr das Projekt Welt der legend\u00e4ren K\u00f6nige bekannt. a. P. M\u00f8ller und Hustru Chastine Mc-Kinney M\u00f8llers Fond til almene Formaal spendeten 65 Millionen Euro. Seitdem sind weitere 10 Millionen hinzugekommen, die von der Augustinus-Stiftung gespendet wurden.<\/p>\n\n\n\n<p>Dies war der Ausgangspunkt f\u00fcr das ehrgeizige Projekt, die Wikingerzeit in der Region Lejre zum Leben zu erwecken. Der Wiederaufbau der gr\u00f6\u00dften Wikingerhalle D\u00e4nemarks ist in vollem Gange, und auf der Baustelle kann man bereits erleben, wie die Handwerkskunst der Wikinger beim Bau auf die Fertigkeiten der Neuzeit trifft.<\/p>\n\n\n\n<div class=\"wp-block-media-text has-media-on-the-right is-stacked-on-mobile\"><div class=\"wp-block-media-text__content\">\n<p><strong>60 Meter lang, 12 Meter breit, 10 Meter hoch bis zur Decke und \u00fcber 600 m2 \u00fcberdacht. Die gr\u00f6\u00dfte Halle aus der d\u00e4nischen Wikingerzeit und ein gro\u00dfartiges Zeugnis f\u00fcr den H\u00f6hepunkt der nordischen Architektur und Handwerkskunst. Ein eindrucksvolles Symbol daf\u00fcr, dass die Legenden \u00fcber die m\u00e4chtigen Schildknappen-K\u00f6nige von Lejre einen historischen Kern haben.<\/strong><\/p>\n<\/div><figure class=\"wp-block-media-text__media\"><img decoding=\"async\" src=\"https:\/\/sagnlandet.dk\/wp-content\/uploads\/2025\/02\/skaermbillede-2016-09-02-kl-133901-e1472819023685-500x306-1.png\" alt=\"\" class=\"wp-image-1492 size-full\"\/><\/figure><\/div>\n\n\n\n<h4 class=\"wp-block-heading\">Ein fantastisches Kommunikationsprojekt<\/h4>\n\n\n\n<p>Die Welt der legend\u00e4ren K\u00f6nige konzentriert sich auf das einzigartige nordische Kulturerbe von Lejre in so unterschiedlichen Genres wie Architektur, Mythologie, Literatur und Landschaft. Neben dem K\u00f6nigssaal umfasst das Projekt auch andere Elemente aus dem k\u00f6niglichen Umfeld der damaligen Zeit, darunter das Hirtenhaus, das f\u00fcr Sch\u00fclerlager und Unterk\u00fcnfte konzipiert ist.<\/p>\n\n\n\n<p>Durch seinen interdisziplin\u00e4ren und innovativen Ansatz und neue Kommunikationsformen unterst\u00fctzt das Projekt die neue Schulreform und sorgt f\u00fcr eine qualitativ hochwertige Wissensvermittlung. Kinder, Jugendliche und Familien lernen nicht nur etwas \u00fcber Geschichte, sondern auch \u00fcber das allt\u00e4gliche Leben durch praktische Aktivit\u00e4ten und Denkanst\u00f6\u00dfe. In der Welt der legend\u00e4ren K\u00f6nige erleben und reflektieren sie das t\u00e4gliche Leben der Wikinger, ihre soziale Ordnung und ihr Verst\u00e4ndnis der Natur- und Weltordnung, um sich selbst als Teil eines gr\u00f6\u00dferen Ganzen zu entdecken.<\/p>\n\n\n\n<p><a href=\"https:\/\/sagnlandet.dk\/wp-content\/uploads\/2024\/10\/sagnkongernes-verden-prospekt-komprimeret1.pdf\" target=\"_blank\" rel=\"noreferrer noopener\">Lesen Sie den Prospekt f\u00fcr die Welt der legend\u00e4ren K\u00f6nige (PDF)<\/a>:<\/p>\n\n\n\n<figure class=\"wp-block-image size-full\"><a href=\"https:\/\/sagnlandet.dk\/wp-content\/uploads\/2024\/10\/sagnkongernes-verden-prospekt-komprimeret1.pdf\"><img decoding=\"async\" src=\"https:\/\/sagnlandet.dk\/wp-content\/uploads\/2025\/02\/kort-sagnkongernes-1.png\" alt=\"\" class=\"wp-image-1490\"\/><\/a><\/figure>\n\n\n\n<hr class=\"wp-block-separator has-alpha-channel-opacity\"\/>\n\n\n\n<h4 class=\"wp-block-heading\">Verfolgen Sie den Bauprozess:<\/h4>\n\n\n\n<p>Es ist &#8211; fast &#8211; so, als w\u00e4re man selbst dabei! Folgen Sie den Videos hier und machen Sie einen Ausflug auf die Baustelle. Bewegen Sie Ihr Handy oder ziehen Sie das Bild, um eine 360\u00b0-Ansicht der Baustelle zu erhalten, auf der D\u00e4nemarks gr\u00f6\u00dfte Wikingerhalle entsteht.<\/p>\n\n\n\n<p>Alle unsere Videos \u00fcber den Bau der K\u00f6nigshalle finden Sie auf Youtube: <\/p>\n\n\n\n<figure class=\"wp-block-embed is-type-video is-provider-youtube wp-block-embed-youtube wp-embed-aspect-16-9 wp-has-aspect-ratio\"><div class=\"wp-block-embed__wrapper\">\n<iframe title=\"Viking King&#039;s Hall, documentary, (subtitles), Sagnlandet Lejre, Land of Legends Denmark  Kongehallen\" width=\"500\" height=\"281\" src=\"https:\/\/www.youtube.com\/embed\/8yg6zJf5I7M?list=PLMOLiYsryN43a6TJeTPyIm2HNQtn9WLfE\" frameborder=\"0\" allow=\"accelerometer; autoplay; clipboard-write; encrypted-media; gyroscope; picture-in-picture; web-share\" referrerpolicy=\"strict-origin-when-cross-origin\" allowfullscreen><\/iframe>\n<\/div><\/figure>\n\n\n\n<hr class=\"wp-block-separator has-alpha-channel-opacity\"\/>\n\n\n\n<p>Lesen Sie mehr im Archiv f\u00fcr Inhalte und Nachrichten: <\/p>\n\n\n\n<div class=\"wp-block-columns is-layout-flex wp-container-core-columns-is-layout-2 wp-block-columns-is-layout-flex\">\n<div class=\"wp-block-column is-layout-flow wp-block-column-is-layout-flow\"><div class=\"taxonomy-post_tag wp-block-post-terms\"><span class=\"wp-block-post-terms__prefix\">Tags: <\/span><a href=\"https:\/\/sagnlandet.dk\/de\/blog\/tag\/bauwesen\/\" rel=\"tag\">Bauwesen<\/a><span class=\"wp-block-post-terms__separator\">, <\/span><a href=\"https:\/\/sagnlandet.dk\/de\/blog\/tag\/koenigssaal\/\" rel=\"tag\">K\u00f6nigssaal<\/a><\/div>\n\n\n<hr class=\"wp-block-separator has-alpha-channel-opacity\"\/>\n\n\n<div class=\"taxonomy-category wp-block-post-terms\"><span class=\"wp-block-post-terms__prefix\">Kategorier: <\/span><a href=\"https:\/\/sagnlandet.dk\/de\/blog\/category\/wikinger\/koenigssaal\/\" rel=\"tag\">K\u00f6nigssaal<\/a><span class=\"wp-block-post-terms__separator\">, <\/span><a href=\"https:\/\/sagnlandet.dk\/de\/blog\/category\/wikinger\/\" rel=\"tag\">Wikinger<\/a><\/div><\/div>\n\n\n\n<div class=\"wp-block-column is-layout-flow wp-block-column-is-layout-flow\"><div class=\"wp-block-archives-dropdown wp-block-archives\"><label for=\"wp-block-archives-1\" class=\"wp-block-archives__label\">Archiv<\/label>\n\t\t<select id=\"wp-block-archives-1\" name=\"archive-dropdown\" onchange=\"document.location.href=this.options[this.selectedIndex].value;\">\n\t\t<option value=\"\">Monat ausw\u00e4hlen<\/option>\t<option value='https:\/\/sagnlandet.dk\/de\/blog\/2023\/12\/'> Dezember 2023 &nbsp;(1)<\/option>\n\t<option value='https:\/\/sagnlandet.dk\/de\/blog\/2022\/11\/'> November 2022 &nbsp;(1)<\/option>\n\t<option value='https:\/\/sagnlandet.dk\/de\/blog\/2022\/10\/'> Oktober 2022 &nbsp;(1)<\/option>\n\t<option value='https:\/\/sagnlandet.dk\/de\/blog\/2021\/09\/'> September 2021 &nbsp;(1)<\/option>\n\t<option value='https:\/\/sagnlandet.dk\/de\/blog\/2021\/07\/'> Juli 2021 &nbsp;(1)<\/option>\n\t<option value='https:\/\/sagnlandet.dk\/de\/blog\/2020\/09\/'> September 2020 &nbsp;(1)<\/option>\n\t<option value='https:\/\/sagnlandet.dk\/de\/blog\/2020\/08\/'> August 2020 &nbsp;(2)<\/option>\n\t<option value='https:\/\/sagnlandet.dk\/de\/blog\/2020\/06\/'> Juni 2020 &nbsp;(2)<\/option>\n\t<option value='https:\/\/sagnlandet.dk\/de\/blog\/2020\/01\/'> Januar 2020 &nbsp;(1)<\/option>\n\t<option value='https:\/\/sagnlandet.dk\/de\/blog\/2019\/10\/'> Oktober 2019 &nbsp;(1)<\/option>\n\t<option value='https:\/\/sagnlandet.dk\/de\/blog\/2017\/05\/'> Mai 2017 &nbsp;(1)<\/option>\n\t<option value='https:\/\/sagnlandet.dk\/de\/blog\/2016\/10\/'> Oktober 2016 &nbsp;(1)<\/option>\n<\/select><\/div>\n\n\n<div class=\"wp-block-group is-layout-constrained wp-block-group-is-layout-constrained\">\n<div class=\"wp-block-columns is-layout-flex wp-container-core-columns-is-layout-1 wp-block-columns-is-layout-flex\">\n<div class=\"wp-block-column is-layout-flow wp-block-column-is-layout-flow\" style=\"flex-basis:100%\">\n<div class=\"wp-block-group is-layout-constrained wp-block-group-is-layout-constrained\"><ul class=\"wp-block-latest-posts__list is-grid columns-2 has-dates wp-block-latest-posts\"><li><div class=\"wp-block-latest-posts__featured-image alignleft\"><a href=\"https:\/\/sagnlandet.dk\/de\/blog\/2023\/12\/15\/die-zukunft-des-experimentierens-vom-experiment-zu-neuen-archaeologischen-erkenntnissen\/\" aria-label=\"Die Zukunft des Experimentierens: Vom Experiment zu neuen arch\u00e4ologischen Erkenntnissen\"><img loading=\"lazy\" decoding=\"async\" width=\"300\" height=\"300\" src=\"https:\/\/sagnlandet.dk\/de\/wp-content\/uploads\/sites\/13\/2025\/02\/kongehal-med-personer-lille-1920x593-1-1-1-1-300x300.png\" class=\"attachment-thumbnail size-thumbnail wp-post-image\" alt=\"\" style=\"max-width:50px;max-height:50px;\" srcset=\"https:\/\/sagnlandet.dk\/de\/wp-content\/uploads\/sites\/13\/2025\/02\/kongehal-med-personer-lille-1920x593-1-1-1-1-300x300.png 300w, https:\/\/sagnlandet.dk\/de\/wp-content\/uploads\/sites\/13\/2025\/02\/kongehal-med-personer-lille-1920x593-1-1-1-1-100x100.png 100w\" sizes=\"(max-width: 300px) 100vw, 300px\" \/><\/a><\/div><a class=\"wp-block-latest-posts__post-title\" href=\"https:\/\/sagnlandet.dk\/de\/blog\/2023\/12\/15\/die-zukunft-des-experimentierens-vom-experiment-zu-neuen-archaeologischen-erkenntnissen\/\">Die Zukunft des Experimentierens: Vom Experiment zu neuen arch\u00e4ologischen Erkenntnissen<\/a><time datetime=\"2023-12-15T09:39:00+01:00\" class=\"wp-block-latest-posts__post-date\">15. Dezember 2023<\/time><div class=\"wp-block-latest-posts__post-excerpt\">Lejre Land of Legends l\u00e4dt Sie zu einem Forschungsseminar mit dem Titel &#8220;Die Zukunft des Experimentierens&#8221; ein.<\/div><\/li>\n<li><div class=\"wp-block-latest-posts__featured-image alignleft\"><a href=\"https:\/\/sagnlandet.dk\/de\/blog\/2022\/11\/22\/feiern-sie-weihnachten-mit-dem-alten-volk-von-lejre-land-der-legenden\/\" aria-label=\"Feiern Sie Weihnachten mit dem alten Volk von Lejre &#8211; Land der Legenden\"><img loading=\"lazy\" decoding=\"async\" width=\"300\" height=\"300\" src=\"https:\/\/sagnlandet.dk\/de\/wp-content\/uploads\/sites\/13\/2025\/02\/skabelon-coverbillede-facebook-stor-1-1-1-300x300.png\" class=\"attachment-thumbnail size-thumbnail wp-post-image\" alt=\"\" style=\"max-width:50px;max-height:50px;\" srcset=\"https:\/\/sagnlandet.dk\/de\/wp-content\/uploads\/sites\/13\/2025\/02\/skabelon-coverbillede-facebook-stor-1-1-1-300x300.png 300w, https:\/\/sagnlandet.dk\/de\/wp-content\/uploads\/sites\/13\/2025\/02\/skabelon-coverbillede-facebook-stor-1-1-1-100x100.png 100w\" sizes=\"(max-width: 300px) 100vw, 300px\" \/><\/a><\/div><a class=\"wp-block-latest-posts__post-title\" href=\"https:\/\/sagnlandet.dk\/de\/blog\/2022\/11\/22\/feiern-sie-weihnachten-mit-dem-alten-volk-von-lejre-land-der-legenden\/\">Feiern Sie Weihnachten mit dem alten Volk von Lejre &#8211; Land der Legenden<\/a><time datetime=\"2022-11-22T10:06:00+01:00\" class=\"wp-block-latest-posts__post-date\">22. November 2022<\/time><div class=\"wp-block-latest-posts__post-excerpt\">Feiern Sie Weihnachten mit dem alten Volk von Lejre &#8211; Land der Legenden Besuchen Sie uns dieses Weihnachten &#8211; bringen Sie einen g\u00fcltigen Corona-Pass und eine Gesichtsmaske mit &#8211; Sie\u2026\u00a0<a class=\"wp-block-latest-posts__read-more\" href=\"https:\/\/sagnlandet.dk\/de\/blog\/2022\/11\/22\/feiern-sie-weihnachten-mit-dem-alten-volk-von-lejre-land-der-legenden\/\" rel=\"noopener noreferrer\"><span class=\"screen-reader-text\">Feiern Sie Weihnachten mit dem alten Volk von Lejre &#8211; Land der Legenden <\/span>weiterlesen<\/a><\/div><\/li>\n<\/ul><\/div>\n<\/div>\n<\/div>\n<\/div>\n<\/div>\n<\/div>\n","protected":false},"excerpt":{"rendered":"<p>Lesen Sie mehr \u00fcber das Projekt &#8220;Die Welt der K\u00f6nige der Legenden&#8221;. Es wurde am 21. Juni 20215 angek\u00fcndigt, als Lejre Land of Legends 75 Millionen DKK von A.P. M\u00f8ller og Hustru Chastine Mc-Kinney M\u00f8llers Fond til almene Formaal und Augustinus Fonden erhielt.<\/p>\n","protected":false},"author":1569,"featured_media":71049,"comment_status":"open","ping_status":"open","sticky":false,"template":"","format":"standard","meta":{"_acf_changed":false,"footnotes":""},"categories":[642,641],"tags":[643,644],"class_list":["post-70239","post","type-post","status-publish","format-standard","has-post-thumbnail","hentry","category-koenigssaal","category-wikinger","tag-bauwesen","tag-koenigssaal"],"acf":[],"yoast_head":"<!-- This site is optimized with the Yoast SEO plugin v23.5 - https:\/\/yoast.com\/wordpress\/plugins\/seo\/ -->\n<title>Hinter der Welt der legend\u00e4ren K\u00f6nige - Sagnlandet Lejre<\/title>\n<meta name=\"description\" content=\"Read more about the project, &quot;The World of the Legendary Kings&quot; and find the fund prospectus, which includes information about building plans and research.\" \/>\n<meta name=\"robots\" content=\"index, follow, max-snippet:-1, max-image-preview:large, max-video-preview:-1\" \/>\n<link rel=\"canonical\" href=\"https:\/\/sagnlandet.dk\/de\/blog\/2020\/01\/31\/hinter-der-welt-der-legendaeren-koenige\/\" \/>\n<meta property=\"og:locale\" content=\"de_DE\" \/>\n<meta property=\"og:type\" content=\"article\" \/>\n<meta property=\"og:title\" content=\"Hinter der Welt der legend\u00e4ren K\u00f6nige - Sagnlandet Lejre\" \/>\n<meta property=\"og:description\" content=\"Read more about the project, &quot;The World of the Legendary Kings&quot; and find the fund prospectus, which includes information about building plans and research.\" \/>\n<meta property=\"og:url\" content=\"https:\/\/sagnlandet.dk\/de\/blog\/2020\/01\/31\/hinter-der-welt-der-legendaeren-koenige\/\" \/>\n<meta property=\"og:site_name\" content=\"Sagnlandet Lejre\" \/>\n<meta property=\"article:published_time\" content=\"2020-01-31T08:19:00+00:00\" \/>\n<meta property=\"article:modified_time\" content=\"2025-02-24T06:10:24+00:00\" \/>\n<meta property=\"og:image\" content=\"https:\/\/sagnlandet.dk\/de\/wp-content\/uploads\/sites\/13\/2025\/02\/kongehallen-29-maj-2019-04-scaled-2-1.jpg\" \/>\n\t<meta property=\"og:image:width\" content=\"2560\" \/>\n\t<meta property=\"og:image:height\" content=\"1707\" \/>\n\t<meta property=\"og:image:type\" content=\"image\/jpeg\" \/>\n<meta name=\"author\" content=\"Christine Roederer\" \/>\n<meta name=\"twitter:card\" content=\"summary_large_image\" \/>\n<meta name=\"twitter:label1\" content=\"Verfasst von\" \/>\n\t<meta name=\"twitter:data1\" content=\"Christine Roederer\" \/>\n\t<meta name=\"twitter:label2\" content=\"Gesch\u00e4tzte Lesezeit\" \/>\n\t<meta name=\"twitter:data2\" content=\"3\u00a0Minuten\" \/>\n<!-- \/ Yoast SEO plugin. -->","yoast_head_json":{"title":"Hinter der Welt der legend\u00e4ren K\u00f6nige - Sagnlandet Lejre","description":"Read more about the project, \"The World of the Legendary Kings\" and find the fund prospectus, which includes information about building plans and research.","robots":{"index":"index","follow":"follow","max-snippet":"max-snippet:-1","max-image-preview":"max-image-preview:large","max-video-preview":"max-video-preview:-1"},"canonical":"https:\/\/sagnlandet.dk\/de\/blog\/2020\/01\/31\/hinter-der-welt-der-legendaeren-koenige\/","og_locale":"de_DE","og_type":"article","og_title":"Hinter der Welt der legend\u00e4ren K\u00f6nige - Sagnlandet Lejre","og_description":"Read more about the project, \"The World of the Legendary Kings\" and find the fund prospectus, which includes information about building plans and research.","og_url":"https:\/\/sagnlandet.dk\/de\/blog\/2020\/01\/31\/hinter-der-welt-der-legendaeren-koenige\/","og_site_name":"Sagnlandet Lejre","article_published_time":"2020-01-31T08:19:00+00:00","article_modified_time":"2025-02-24T06:10:24+00:00","og_image":[{"width":2560,"height":1707,"url":"https:\/\/sagnlandet.dk\/de\/wp-content\/uploads\/sites\/13\/2025\/02\/kongehallen-29-maj-2019-04-scaled-2-1.jpg","type":"image\/jpeg"}],"author":"Christine Roederer","twitter_card":"summary_large_image","twitter_misc":{"Verfasst von":"Christine Roederer","Gesch\u00e4tzte Lesezeit":"3\u00a0Minuten"},"schema":{"@context":"https:\/\/schema.org","@graph":[{"@type":"Article","@id":"https:\/\/sagnlandet.dk\/de\/blog\/2020\/01\/31\/hinter-der-welt-der-legendaeren-koenige\/#article","isPartOf":{"@id":"https:\/\/sagnlandet.dk\/de\/blog\/2020\/01\/31\/hinter-der-welt-der-legendaeren-koenige\/"},"author":{"name":"Christine Roederer","@id":"https:\/\/sagnlandet.dk\/de\/#\/schema\/person\/5b56a163bff00be5a1c49ffbddc5f68e"},"headline":"Hinter der Welt der legend\u00e4ren K\u00f6nige","datePublished":"2020-01-31T08:19:00+00:00","dateModified":"2025-02-24T06:10:24+00:00","mainEntityOfPage":{"@id":"https:\/\/sagnlandet.dk\/de\/blog\/2020\/01\/31\/hinter-der-welt-der-legendaeren-koenige\/"},"wordCount":442,"commentCount":0,"publisher":{"@id":"https:\/\/sagnlandet.dk\/de\/#organization"},"image":{"@id":"https:\/\/sagnlandet.dk\/de\/blog\/2020\/01\/31\/hinter-der-welt-der-legendaeren-koenige\/#primaryimage"},"thumbnailUrl":"https:\/\/sagnlandet.dk\/de\/wp-content\/uploads\/sites\/13\/2025\/02\/kongehallen-29-maj-2019-04-scaled-2-1-1.jpg","keywords":["Bauwesen","K\u00f6nigssaal"],"articleSection":["K\u00f6nigssaal","Wikinger"],"inLanguage":"de","potentialAction":[{"@type":"CommentAction","name":"Comment","target":["https:\/\/sagnlandet.dk\/de\/blog\/2020\/01\/31\/hinter-der-welt-der-legendaeren-koenige\/#respond"]}]},{"@type":"WebPage","@id":"https:\/\/sagnlandet.dk\/de\/blog\/2020\/01\/31\/hinter-der-welt-der-legendaeren-koenige\/","url":"https:\/\/sagnlandet.dk\/de\/blog\/2020\/01\/31\/hinter-der-welt-der-legendaeren-koenige\/","name":"Hinter der Welt der legend\u00e4ren K\u00f6nige - Sagnlandet Lejre","isPartOf":{"@id":"https:\/\/sagnlandet.dk\/de\/#website"},"primaryImageOfPage":{"@id":"https:\/\/sagnlandet.dk\/de\/blog\/2020\/01\/31\/hinter-der-welt-der-legendaeren-koenige\/#primaryimage"},"image":{"@id":"https:\/\/sagnlandet.dk\/de\/blog\/2020\/01\/31\/hinter-der-welt-der-legendaeren-koenige\/#primaryimage"},"thumbnailUrl":"https:\/\/sagnlandet.dk\/de\/wp-content\/uploads\/sites\/13\/2025\/02\/kongehallen-29-maj-2019-04-scaled-2-1-1.jpg","datePublished":"2020-01-31T08:19:00+00:00","dateModified":"2025-02-24T06:10:24+00:00","description":"Read more about the project, \"The World of the Legendary Kings\" and find the fund prospectus, which includes information about building plans and research.","breadcrumb":{"@id":"https:\/\/sagnlandet.dk\/de\/blog\/2020\/01\/31\/hinter-der-welt-der-legendaeren-koenige\/#breadcrumb"},"inLanguage":"de","potentialAction":[{"@type":"ReadAction","target":["https:\/\/sagnlandet.dk\/de\/blog\/2020\/01\/31\/hinter-der-welt-der-legendaeren-koenige\/"]}]},{"@type":"ImageObject","inLanguage":"de","@id":"https:\/\/sagnlandet.dk\/de\/blog\/2020\/01\/31\/hinter-der-welt-der-legendaeren-koenige\/#primaryimage","url":"https:\/\/sagnlandet.dk\/de\/wp-content\/uploads\/sites\/13\/2025\/02\/kongehallen-29-maj-2019-04-scaled-2-1-1.jpg","contentUrl":"https:\/\/sagnlandet.dk\/de\/wp-content\/uploads\/sites\/13\/2025\/02\/kongehallen-29-maj-2019-04-scaled-2-1-1.jpg","width":2560,"height":1707},{"@type":"BreadcrumbList","@id":"https:\/\/sagnlandet.dk\/de\/blog\/2020\/01\/31\/hinter-der-welt-der-legendaeren-koenige\/#breadcrumb","itemListElement":[{"@type":"ListItem","position":1,"name":"Hjem","item":"https:\/\/sagnlandet.dk\/de\/"},{"@type":"ListItem","position":2,"name":"Behind the World of the Legendary Kings"}]},{"@type":"WebSite","@id":"https:\/\/sagnlandet.dk\/de\/#website","url":"https:\/\/sagnlandet.dk\/de\/","name":"Sagnlandet Lejre","description":"","publisher":{"@id":"https:\/\/sagnlandet.dk\/de\/#organization"},"potentialAction":[{"@type":"SearchAction","target":{"@type":"EntryPoint","urlTemplate":"https:\/\/sagnlandet.dk\/de\/?s={search_term_string}"},"query-input":{"@type":"PropertyValueSpecification","valueRequired":true,"valueName":"search_term_string"}}],"inLanguage":"de"},{"@type":"Organization","@id":"https:\/\/sagnlandet.dk\/de\/#organization","name":"Sagnlandet Lejre","url":"https:\/\/sagnlandet.dk\/de\/","logo":{"@type":"ImageObject","inLanguage":"de","@id":"https:\/\/sagnlandet.dk\/de\/#\/schema\/logo\/image\/","url":"https:\/\/sagnlandet.dk\/de\/wp-content\/uploads\/sites\/13\/1738\/65\/logo.png","contentUrl":"https:\/\/sagnlandet.dk\/de\/wp-content\/uploads\/sites\/13\/1738\/65\/logo.png","width":398,"height":143,"caption":"Sagnlandet Lejre"},"image":{"@id":"https:\/\/sagnlandet.dk\/de\/#\/schema\/logo\/image\/"}},{"@type":"Person","@id":"https:\/\/sagnlandet.dk\/de\/#\/schema\/person\/5b56a163bff00be5a1c49ffbddc5f68e","name":"Christine Roederer","image":{"@type":"ImageObject","inLanguage":"de","@id":"https:\/\/sagnlandet.dk\/de\/#\/schema\/person\/image\/","url":"https:\/\/secure.gravatar.com\/avatar\/289c008dee6585bbf4161ecff12b7e8a?s=96&d=mm&r=g","contentUrl":"https:\/\/secure.gravatar.com\/avatar\/289c008dee6585bbf4161ecff12b7e8a?s=96&d=mm&r=g","caption":"Christine Roederer"},"sameAs":["http:\/\/sagnlandet.dk"],"url":"https:\/\/sagnlandet.dk\/de\/blog\/author\/christine-roederer\/"}]}},"_links":{"self":[{"href":"https:\/\/sagnlandet.dk\/de\/wp-json\/wp\/v2\/posts\/70239"}],"collection":[{"href":"https:\/\/sagnlandet.dk\/de\/wp-json\/wp\/v2\/posts"}],"about":[{"href":"https:\/\/sagnlandet.dk\/de\/wp-json\/wp\/v2\/types\/post"}],"author":[{"embeddable":true,"href":"https:\/\/sagnlandet.dk\/de\/wp-json\/wp\/v2\/users\/1569"}],"replies":[{"embeddable":true,"href":"https:\/\/sagnlandet.dk\/de\/wp-json\/wp\/v2\/comments?post=70239"}],"version-history":[{"count":1,"href":"https:\/\/sagnlandet.dk\/de\/wp-json\/wp\/v2\/posts\/70239\/revisions"}],"predecessor-version":[{"id":70243,"href":"https:\/\/sagnlandet.dk\/de\/wp-json\/wp\/v2\/posts\/70239\/revisions\/70243"}],"wp:featuredmedia":[{"embeddable":true,"href":"https:\/\/sagnlandet.dk\/de\/wp-json\/wp\/v2\/media\/71049"}],"wp:attachment":[{"href":"https:\/\/sagnlandet.dk\/de\/wp-json\/wp\/v2\/media?parent=70239"}],"wp:term":[{"taxonomy":"category","embeddable":true,"href":"https:\/\/sagnlandet.dk\/de\/wp-json\/wp\/v2\/categories?post=70239"},{"taxonomy":"post_tag","embeddable":true,"href":"https:\/\/sagnlandet.dk\/de\/wp-json\/wp\/v2\/tags?post=70239"}],"curies":[{"name":"wp","href":"https:\/\/api.w.org\/{rel}","templated":true}]}}